{"id":9002,"date":"2022-06-11T17:30:44","date_gmt":"2022-06-11T14:30:44","guid":{"rendered":"https:\/\/www.zdg.md\/en\/?p=9002"},"modified":"2022-06-13T13:37:18","modified_gmt":"2022-06-13T10:37:18","slug":"in-moldova-now-is-the-time-when-people-can-make-history-in-a-way-that-might-not-be-possible-in-5-or-10-years-interview-with-janis-mazeiks-ambassador-head-of-the-eu-delegation-to-moldova-vid","status":"publish","type":"post","link":"https:\/\/www.zdg.md\/en\/in-moldova-now-is-the-time-when-people-can-make-history-in-a-way-that-might-not-be-possible-in-5-or-10-years-interview-with-janis-mazeiks-ambassador-head-of-the-eu-delegation-to-moldova-vid\/","title":{"rendered":"&#8220;In Moldova, now is the time when people can make history, in a way that might not be possible in 5 or 10 years.&#8221; Interview with J\u0101nis Ma\u017eeiks, Ambassador, Head of the EU Delegation to Moldova &#8211; VIDEO"},"content":{"rendered":"\n<p class=\"has-medium-font-size\">                Ziarul de Gard\u0103 director and columnist Alina Radu <a href=\"https:\/\/www.youtube.com\/watch?v=ht0KXCo0CgQ&amp;ab_channel=ZiaruldeGard%C4%83\">conducted an interview with the Head of the EU Delegation in Chi\u0219in\u0103u<\/a> in the context of Moldova&#8217;s application for membership, the necessary reforms, the security, energy and social crises, the risks of depopulation and the development opportunities at this time. The EU ambassador also commented on the case against Igor Dodon and the searches made as part of the process.<\/p>\n","protected":false},"excerpt":{"rendered":"<p>Ziarul de Gard\u0103 director and columnist Alina Radu conducted an interview with the Head of the EU Delegation in Chi\u0219in\u0103u in the context of Moldova&#8217;s application for membership, the necessary reforms, the security, energy and social crises, the risks of depopulation and the development opportunities at this time. The EU ambassador also commented on the&#8230;<\/p>\n","protected":false},"author":11,"featured_media":9003,"comment_status":"open","ping_status":"open","sticky":false,"template":"","format":"standard","meta":{"_acf_changed":false,"inline_featured_image":false,"footnotes":""},"categories":[18,6,1,11,13,10,21,17],"tags":[589],"autor":[24],"class_list":["post-9002","post","type-post","status-publish","format-standard","has-post-thumbnail","hentry","category-about-moldova","category-exclusive","category-uncategorized","category-important","category-interview","category-news","category-recomended","category-video","tag-interview","autor-alina-radu"],"acf":[],"yoast_head":"<!-- This site is optimized with the Yoast SEO plugin v24.3 - https:\/\/yoast.com\/wordpress\/plugins\/seo\/ -->\n<title>&quot;In Moldova, now is the time when people can make history, in a way that might not be possible in 5 or 10 years.&quot; Interview with J\u0101nis Ma\u017eeiks, Ambassador, Head of the EU Delegation to Moldova - VIDEO - Ziarul de Gard\u0103<\/title>\n<meta name=\"robots\" content=\"index, follow, max-snippet:-1, max-image-preview:large, max-video-preview:-1\" \/>\n<link rel=\"canonical\" href=\"https:\/\/www.zdg.md\/en\/in-moldova-now-is-the-time-when-people-can-make-history-in-a-way-that-might-not-be-possible-in-5-or-10-years-interview-with-janis-mazeiks-ambassador-head-of-the-eu-delegation-to-moldova-vid\/\" \/>\n<meta property=\"og:locale\" content=\"en_US\" \/>\n<meta property=\"og:type\" content=\"article\" \/>\n<meta property=\"og:title\" content=\"&quot;In Moldova, now is the time when people can make history, in a way that might not be possible in 5 or 10 years.&quot; Interview with J\u0101nis Ma\u017eeiks, Ambassador, Head of the EU Delegation to Moldova - VIDEO - Ziarul de Gard\u0103\" \/>\n<meta property=\"og:description\" content=\"Ziarul de Gard\u0103 director and columnist Alina Radu conducted an interview with the Head of the EU Delegation in Chi\u0219in\u0103u in the context of Moldova&#8217;s application for membership, the necessary reforms, the security, energy and social crises, the risks of depopulation and the development opportunities at this time. The EU ambassador also commented on the...\" \/>\n<meta property=\"og:url\" content=\"https:\/\/www.zdg.md\/en\/in-moldova-now-is-the-time-when-people-can-make-history-in-a-way-that-might-not-be-possible-in-5-or-10-years-interview-with-janis-mazeiks-ambassador-head-of-the-eu-delegation-to-moldova-vid\/\" \/>\n<meta property=\"og:site_name\" content=\"Ziarul de Gard\u0103\" \/>\n<meta property=\"article:publisher\" content=\"https:\/\/www.facebook.com\/zdg.md\" \/>\n<meta property=\"article:published_time\" content=\"2022-06-11T14:30:44+00:00\" \/>\n<meta property=\"article:modified_time\" content=\"2022-06-13T10:37:18+00:00\" \/>\n<meta property=\"og:image\" content=\"https:\/\/www.zdg.md\/en\/wp-content\/uploads\/2022\/06\/ambasador-principala-scaled-1920x1020-c-default.jpg\" \/>\n\t<meta property=\"og:image:width\" content=\"1920\" \/>\n\t<meta property=\"og:image:height\" content=\"1020\" \/>\n\t<meta property=\"og:image:type\" content=\"image\/jpeg\" \/>\n<meta name=\"author\" content=\"Sabin\" \/>\n<meta name=\"twitter:card\" content=\"summary_large_image\" \/>\n<meta name=\"twitter:creator\" content=\"@ZiarulDe\" \/>\n<meta name=\"twitter:site\" content=\"@ZiarulDe\" \/>\n<meta name=\"twitter:label1\" content=\"Written by\" \/>\n\t<meta name=\"twitter:data1\" content=\"Sabin\" \/>\n<script type=\"application\/ld+json\" class=\"yoast-schema-graph\">{\"@context\":\"https:\/\/schema.org\",\"@graph\":[{\"@type\":\"Article\",\"@id\":\"https:\/\/www.zdg.md\/en\/in-moldova-now-is-the-time-when-people-can-make-history-in-a-way-that-might-not-be-possible-in-5-or-10-years-interview-with-janis-mazeiks-ambassador-head-of-the-eu-delegation-to-moldova-vid\/#article\",\"isPartOf\":{\"@id\":\"https:\/\/www.zdg.md\/en\/in-moldova-now-is-the-time-when-people-can-make-history-in-a-way-that-might-not-be-possible-in-5-or-10-years-interview-with-janis-mazeiks-ambassador-head-of-the-eu-delegation-to-moldova-vid\/\"},\"author\":{\"name\":\"Sabin\",\"@id\":\"https:\/\/www.zdg.md\/en\/#\/schema\/person\/93356b347d220c391497c193a4a237a2\"},\"headline\":\"&#8220;In Moldova, now is the time when people can make history, in a way that might not be possible in 5 or 10 years.&#8221; Interview with J\u0101nis Ma\u017eeiks, Ambassador, Head of the EU Delegation to Moldova &#8211; VIDEO\",\"datePublished\":\"2022-06-11T14:30:44+00:00\",\"dateModified\":\"2022-06-13T10:37:18+00:00\",\"mainEntityOfPage\":{\"@id\":\"https:\/\/www.zdg.md\/en\/in-moldova-now-is-the-time-when-people-can-make-history-in-a-way-that-might-not-be-possible-in-5-or-10-years-interview-with-janis-mazeiks-ambassador-head-of-the-eu-delegation-to-moldova-vid\/\"},\"wordCount\":109,\"commentCount\":0,\"publisher\":{\"@id\":\"https:\/\/www.zdg.md\/en\/#organization\"},\"image\":{\"@id\":\"https:\/\/www.zdg.md\/en\/in-moldova-now-is-the-time-when-people-can-make-history-in-a-way-that-might-not-be-possible-in-5-or-10-years-interview-with-janis-mazeiks-ambassador-head-of-the-eu-delegation-to-moldova-vid\/#primaryimage\"},\"thumbnailUrl\":\"https:\/\/www.zdg.md\/en\/wp-content\/uploads\/2022\/06\/ambasador-principala-scaled-1920x1020-c-default.jpg\",\"keywords\":[\"#Interview\"],\"articleSection\":[\"About Moldova\",\"Exclusive\",\"F\u0103r\u0103 categorie\",\"Important\",\"Interview\",\"News\",\"Recomended\",\"Video\"],\"inLanguage\":\"en-US\",\"potentialAction\":[{\"@type\":\"CommentAction\",\"name\":\"Comment\",\"target\":[\"https:\/\/www.zdg.md\/en\/in-moldova-now-is-the-time-when-people-can-make-history-in-a-way-that-might-not-be-possible-in-5-or-10-years-interview-with-janis-mazeiks-ambassador-head-of-the-eu-delegation-to-moldova-vid\/#respond\"]}]},{\"@type\":\"WebPage\",\"@id\":\"https:\/\/www.zdg.md\/en\/in-moldova-now-is-the-time-when-people-can-make-history-in-a-way-that-might-not-be-possible-in-5-or-10-years-interview-with-janis-mazeiks-ambassador-head-of-the-eu-delegation-to-moldova-vid\/\",\"url\":\"https:\/\/www.zdg.md\/en\/in-moldova-now-is-the-time-when-people-can-make-history-in-a-way-that-might-not-be-possible-in-5-or-10-years-interview-with-janis-mazeiks-ambassador-head-of-the-eu-delegation-to-moldova-vid\/\",\"name\":\"\\\"In Moldova, now is the time when people can make history, in a way that might not be possible in 5 or 10 years.\\\" Interview with J\u0101nis Ma\u017eeiks, Ambassador, Head of the EU Delegation to Moldova - VIDEO - Ziarul de Gard\u0103\",\"isPartOf\":{\"@id\":\"https:\/\/www.zdg.md\/en\/#website\"},\"primaryImageOfPage\":{\"@id\":\"https:\/\/www.zdg.md\/en\/in-moldova-now-is-the-time-when-people-can-make-history-in-a-way-that-might-not-be-possible-in-5-or-10-years-interview-with-janis-mazeiks-ambassador-head-of-the-eu-delegation-to-moldova-vid\/#primaryimage\"},\"image\":{\"@id\":\"https:\/\/www.zdg.md\/en\/in-moldova-now-is-the-time-when-people-can-make-history-in-a-way-that-might-not-be-possible-in-5-or-10-years-interview-with-janis-mazeiks-ambassador-head-of-the-eu-delegation-to-moldova-vid\/#primaryimage\"},\"thumbnailUrl\":\"https:\/\/www.zdg.md\/en\/wp-content\/uploads\/2022\/06\/ambasador-principala-scaled-1920x1020-c-default.jpg\",\"datePublished\":\"2022-06-11T14:30:44+00:00\",\"dateModified\":\"2022-06-13T10:37:18+00:00\",\"breadcrumb\":{\"@id\":\"https:\/\/www.zdg.md\/en\/in-moldova-now-is-the-time-when-people-can-make-history-in-a-way-that-might-not-be-possible-in-5-or-10-years-interview-with-janis-mazeiks-ambassador-head-of-the-eu-delegation-to-moldova-vid\/#breadcrumb\"},\"inLanguage\":\"en-US\",\"potentialAction\":[{\"@type\":\"ReadAction\",\"target\":[\"https:\/\/www.zdg.md\/en\/in-moldova-now-is-the-time-when-people-can-make-history-in-a-way-that-might-not-be-possible-in-5-or-10-years-interview-with-janis-mazeiks-ambassador-head-of-the-eu-delegation-to-moldova-vid\/\"]}]},{\"@type\":\"ImageObject\",\"inLanguage\":\"en-US\",\"@id\":\"https:\/\/www.zdg.md\/en\/in-moldova-now-is-the-time-when-people-can-make-history-in-a-way-that-might-not-be-possible-in-5-or-10-years-interview-with-janis-mazeiks-ambassador-head-of-the-eu-delegation-to-moldova-vid\/#primaryimage\",\"url\":\"https:\/\/www.zdg.md\/en\/wp-content\/uploads\/2022\/06\/ambasador-principala-scaled-1920x1020-c-default.jpg\",\"contentUrl\":\"https:\/\/www.zdg.md\/en\/wp-content\/uploads\/2022\/06\/ambasador-principala-scaled-1920x1020-c-default.jpg\",\"width\":1920,\"height\":1020},{\"@type\":\"BreadcrumbList\",\"@id\":\"https:\/\/www.zdg.md\/en\/in-moldova-now-is-the-time-when-people-can-make-history-in-a-way-that-might-not-be-possible-in-5-or-10-years-interview-with-janis-mazeiks-ambassador-head-of-the-eu-delegation-to-moldova-vid\/#breadcrumb\",\"itemListElement\":[{\"@type\":\"ListItem\",\"position\":1,\"name\":\"Home\",\"item\":\"https:\/\/www.zdg.md\/en\/\"},{\"@type\":\"ListItem\",\"position\":2,\"name\":\"&#8220;In Moldova, now is the time when people can make history, in a way that might not be possible in 5 or 10 years.&#8221; Interview with J\u0101nis Ma\u017eeiks, Ambassador, Head of the EU Delegation to Moldova &#8211; VIDEO\"}]},{\"@type\":\"WebSite\",\"@id\":\"https:\/\/www.zdg.md\/en\/#website\",\"url\":\"https:\/\/www.zdg.md\/en\/\",\"name\":\"Ziarul de Gard\u0103\",\"description\":\"The only investigative newspaper in the Republic of Moldova\",\"publisher\":{\"@id\":\"https:\/\/www.zdg.md\/en\/#organization\"},\"potentialAction\":[{\"@type\":\"SearchAction\",\"target\":{\"@type\":\"EntryPoint\",\"urlTemplate\":\"https:\/\/www.zdg.md\/en\/?s={search_term_string}\"},\"query-input\":{\"@type\":\"PropertyValueSpecification\",\"valueRequired\":true,\"valueName\":\"search_term_string\"}}],\"inLanguage\":\"en-US\"},{\"@type\":\"Organization\",\"@id\":\"https:\/\/www.zdg.md\/en\/#organization\",\"name\":\"Ziarul de Gard\u0103\",\"url\":\"https:\/\/www.zdg.md\/en\/\",\"logo\":{\"@type\":\"ImageObject\",\"inLanguage\":\"en-US\",\"@id\":\"https:\/\/www.zdg.md\/en\/#\/schema\/logo\/image\/\",\"url\":\"https:\/\/www.zdg.md\/en\/wp-content\/uploads\/2025\/01\/logo-footer-1.svg\",\"contentUrl\":\"https:\/\/www.zdg.md\/en\/wp-content\/uploads\/2025\/01\/logo-footer-1.svg\",\"width\":124,\"height\":71,\"caption\":\"Ziarul de Gard\u0103\"},\"image\":{\"@id\":\"https:\/\/www.zdg.md\/en\/#\/schema\/logo\/image\/\"},\"sameAs\":[\"https:\/\/www.facebook.com\/zdg.md\",\"https:\/\/x.com\/ZiarulDe\"]},{\"@type\":\"Person\",\"@id\":\"https:\/\/www.zdg.md\/en\/#\/schema\/person\/93356b347d220c391497c193a4a237a2\",\"name\":\"Sabin\",\"image\":{\"@type\":\"ImageObject\",\"inLanguage\":\"en-US\",\"@id\":\"https:\/\/www.zdg.md\/en\/#\/schema\/person\/image\/\",\"url\":\"https:\/\/secure.gravatar.com\/avatar\/005528046cb9bf29ccc3247ac475e0b2?s=96&d=mm&r=g\",\"contentUrl\":\"https:\/\/secure.gravatar.com\/avatar\/005528046cb9bf29ccc3247ac475e0b2?s=96&d=mm&r=g\",\"caption\":\"Sabin\"},\"url\":\"https:\/\/www.zdg.md\/en\/author\/sabin\/\"}]}<\/script>\n<!-- \/ Yoast SEO plugin. -->","yoast_head_json":{"title":"\"In Moldova, now is the time when people can make history, in a way that might not be possible in 5 or 10 years.\" Interview with J\u0101nis Ma\u017eeiks, Ambassador, Head of the EU Delegation to Moldova - VIDEO - Ziarul de Gard\u0103","robots":{"index":"index","follow":"follow","max-snippet":"max-snippet:-1","max-image-preview":"max-image-preview:large","max-video-preview":"max-video-preview:-1"},"canonical":"https:\/\/www.zdg.md\/en\/in-moldova-now-is-the-time-when-people-can-make-history-in-a-way-that-might-not-be-possible-in-5-or-10-years-interview-with-janis-mazeiks-ambassador-head-of-the-eu-delegation-to-moldova-vid\/","og_locale":"en_US","og_type":"article","og_title":"\"In Moldova, now is the time when people can make history, in a way that might not be possible in 5 or 10 years.\" Interview with J\u0101nis Ma\u017eeiks, Ambassador, Head of the EU Delegation to Moldova - VIDEO - Ziarul de Gard\u0103","og_description":"Ziarul de Gard\u0103 director and columnist Alina Radu conducted an interview with the Head of the EU Delegation in Chi\u0219in\u0103u in the context of Moldova&#8217;s application for membership, the necessary reforms, the security, energy and social crises, the risks of depopulation and the development opportunities at this time. The EU ambassador also commented on the...","og_url":"https:\/\/www.zdg.md\/en\/in-moldova-now-is-the-time-when-people-can-make-history-in-a-way-that-might-not-be-possible-in-5-or-10-years-interview-with-janis-mazeiks-ambassador-head-of-the-eu-delegation-to-moldova-vid\/","og_site_name":"Ziarul de Gard\u0103","article_publisher":"https:\/\/www.facebook.com\/zdg.md","article_published_time":"2022-06-11T14:30:44+00:00","article_modified_time":"2022-06-13T10:37:18+00:00","og_image":[{"width":1920,"height":1020,"url":"https:\/\/www.zdg.md\/en\/wp-content\/uploads\/2022\/06\/ambasador-principala-scaled-1920x1020-c-default.jpg","type":"image\/jpeg"}],"author":"Sabin","twitter_card":"summary_large_image","twitter_creator":"@ZiarulDe","twitter_site":"@ZiarulDe","twitter_misc":{"Written by":"Sabin"},"schema":{"@context":"https:\/\/schema.org","@graph":[{"@type":"Article","@id":"https:\/\/www.zdg.md\/en\/in-moldova-now-is-the-time-when-people-can-make-history-in-a-way-that-might-not-be-possible-in-5-or-10-years-interview-with-janis-mazeiks-ambassador-head-of-the-eu-delegation-to-moldova-vid\/#article","isPartOf":{"@id":"https:\/\/www.zdg.md\/en\/in-moldova-now-is-the-time-when-people-can-make-history-in-a-way-that-might-not-be-possible-in-5-or-10-years-interview-with-janis-mazeiks-ambassador-head-of-the-eu-delegation-to-moldova-vid\/"},"author":{"name":"Sabin","@id":"https:\/\/www.zdg.md\/en\/#\/schema\/person\/93356b347d220c391497c193a4a237a2"},"headline":"&#8220;In Moldova, now is the time when people can make history, in a way that might not be possible in 5 or 10 years.&#8221; Interview with J\u0101nis Ma\u017eeiks, Ambassador, Head of the EU Delegation to Moldova &#8211; VIDEO","datePublished":"2022-06-11T14:30:44+00:00","dateModified":"2022-06-13T10:37:18+00:00","mainEntityOfPage":{"@id":"https:\/\/www.zdg.md\/en\/in-moldova-now-is-the-time-when-people-can-make-history-in-a-way-that-might-not-be-possible-in-5-or-10-years-interview-with-janis-mazeiks-ambassador-head-of-the-eu-delegation-to-moldova-vid\/"},"wordCount":109,"commentCount":0,"publisher":{"@id":"https:\/\/www.zdg.md\/en\/#organization"},"image":{"@id":"https:\/\/www.zdg.md\/en\/in-moldova-now-is-the-time-when-people-can-make-history-in-a-way-that-might-not-be-possible-in-5-or-10-years-interview-with-janis-mazeiks-ambassador-head-of-the-eu-delegation-to-moldova-vid\/#primaryimage"},"thumbnailUrl":"https:\/\/www.zdg.md\/en\/wp-content\/uploads\/2022\/06\/ambasador-principala-scaled-1920x1020-c-default.jpg","keywords":["#Interview"],"articleSection":["About Moldova","Exclusive","F\u0103r\u0103 categorie","Important","Interview","News","Recomended","Video"],"inLanguage":"en-US","potentialAction":[{"@type":"CommentAction","name":"Comment","target":["https:\/\/www.zdg.md\/en\/in-moldova-now-is-the-time-when-people-can-make-history-in-a-way-that-might-not-be-possible-in-5-or-10-years-interview-with-janis-mazeiks-ambassador-head-of-the-eu-delegation-to-moldova-vid\/#respond"]}]},{"@type":"WebPage","@id":"https:\/\/www.zdg.md\/en\/in-moldova-now-is-the-time-when-people-can-make-history-in-a-way-that-might-not-be-possible-in-5-or-10-years-interview-with-janis-mazeiks-ambassador-head-of-the-eu-delegation-to-moldova-vid\/","url":"https:\/\/www.zdg.md\/en\/in-moldova-now-is-the-time-when-people-can-make-history-in-a-way-that-might-not-be-possible-in-5-or-10-years-interview-with-janis-mazeiks-ambassador-head-of-the-eu-delegation-to-moldova-vid\/","name":"\"In Moldova, now is the time when people can make history, in a way that might not be possible in 5 or 10 years.\" Interview with J\u0101nis Ma\u017eeiks, Ambassador, Head of the EU Delegation to Moldova - VIDEO - Ziarul de Gard\u0103","isPartOf":{"@id":"https:\/\/www.zdg.md\/en\/#website"},"primaryImageOfPage":{"@id":"https:\/\/www.zdg.md\/en\/in-moldova-now-is-the-time-when-people-can-make-history-in-a-way-that-might-not-be-possible-in-5-or-10-years-interview-with-janis-mazeiks-ambassador-head-of-the-eu-delegation-to-moldova-vid\/#primaryimage"},"image":{"@id":"https:\/\/www.zdg.md\/en\/in-moldova-now-is-the-time-when-people-can-make-history-in-a-way-that-might-not-be-possible-in-5-or-10-years-interview-with-janis-mazeiks-ambassador-head-of-the-eu-delegation-to-moldova-vid\/#primaryimage"},"thumbnailUrl":"https:\/\/www.zdg.md\/en\/wp-content\/uploads\/2022\/06\/ambasador-principala-scaled-1920x1020-c-default.jpg","datePublished":"2022-06-11T14:30:44+00:00","dateModified":"2022-06-13T10:37:18+00:00","breadcrumb":{"@id":"https:\/\/www.zdg.md\/en\/in-moldova-now-is-the-time-when-people-can-make-history-in-a-way-that-might-not-be-possible-in-5-or-10-years-interview-with-janis-mazeiks-ambassador-head-of-the-eu-delegation-to-moldova-vid\/#breadcrumb"},"inLanguage":"en-US","potentialAction":[{"@type":"ReadAction","target":["https:\/\/www.zdg.md\/en\/in-moldova-now-is-the-time-when-people-can-make-history-in-a-way-that-might-not-be-possible-in-5-or-10-years-interview-with-janis-mazeiks-ambassador-head-of-the-eu-delegation-to-moldova-vid\/"]}]},{"@type":"ImageObject","inLanguage":"en-US","@id":"https:\/\/www.zdg.md\/en\/in-moldova-now-is-the-time-when-people-can-make-history-in-a-way-that-might-not-be-possible-in-5-or-10-years-interview-with-janis-mazeiks-ambassador-head-of-the-eu-delegation-to-moldova-vid\/#primaryimage","url":"https:\/\/www.zdg.md\/en\/wp-content\/uploads\/2022\/06\/ambasador-principala-scaled-1920x1020-c-default.jpg","contentUrl":"https:\/\/www.zdg.md\/en\/wp-content\/uploads\/2022\/06\/ambasador-principala-scaled-1920x1020-c-default.jpg","width":1920,"height":1020},{"@type":"BreadcrumbList","@id":"https:\/\/www.zdg.md\/en\/in-moldova-now-is-the-time-when-people-can-make-history-in-a-way-that-might-not-be-possible-in-5-or-10-years-interview-with-janis-mazeiks-ambassador-head-of-the-eu-delegation-to-moldova-vid\/#breadcrumb","itemListElement":[{"@type":"ListItem","position":1,"name":"Home","item":"https:\/\/www.zdg.md\/en\/"},{"@type":"ListItem","position":2,"name":"&#8220;In Moldova, now is the time when people can make history, in a way that might not be possible in 5 or 10 years.&#8221; Interview with J\u0101nis Ma\u017eeiks, Ambassador, Head of the EU Delegation to Moldova &#8211; VIDEO"}]},{"@type":"WebSite","@id":"https:\/\/www.zdg.md\/en\/#website","url":"https:\/\/www.zdg.md\/en\/","name":"Ziarul de Gard\u0103","description":"The only investigative newspaper in the Republic of Moldova","publisher":{"@id":"https:\/\/www.zdg.md\/en\/#organization"},"potentialAction":[{"@type":"SearchAction","target":{"@type":"EntryPoint","urlTemplate":"https:\/\/www.zdg.md\/en\/?s={search_term_string}"},"query-input":{"@type":"PropertyValueSpecification","valueRequired":true,"valueName":"search_term_string"}}],"inLanguage":"en-US"},{"@type":"Organization","@id":"https:\/\/www.zdg.md\/en\/#organization","name":"Ziarul de Gard\u0103","url":"https:\/\/www.zdg.md\/en\/","logo":{"@type":"ImageObject","inLanguage":"en-US","@id":"https:\/\/www.zdg.md\/en\/#\/schema\/logo\/image\/","url":"https:\/\/www.zdg.md\/en\/wp-content\/uploads\/2025\/01\/logo-footer-1.svg","contentUrl":"https:\/\/www.zdg.md\/en\/wp-content\/uploads\/2025\/01\/logo-footer-1.svg","width":124,"height":71,"caption":"Ziarul de Gard\u0103"},"image":{"@id":"https:\/\/www.zdg.md\/en\/#\/schema\/logo\/image\/"},"sameAs":["https:\/\/www.facebook.com\/zdg.md","https:\/\/x.com\/ZiarulDe"]},{"@type":"Person","@id":"https:\/\/www.zdg.md\/en\/#\/schema\/person\/93356b347d220c391497c193a4a237a2","name":"Sabin","image":{"@type":"ImageObject","inLanguage":"en-US","@id":"https:\/\/www.zdg.md\/en\/#\/schema\/person\/image\/","url":"https:\/\/secure.gravatar.com\/avatar\/005528046cb9bf29ccc3247ac475e0b2?s=96&d=mm&r=g","contentUrl":"https:\/\/secure.gravatar.com\/avatar\/005528046cb9bf29ccc3247ac475e0b2?s=96&d=mm&r=g","caption":"Sabin"},"url":"https:\/\/www.zdg.md\/en\/author\/sabin\/"}]}},"_links":{"self":[{"href":"https:\/\/www.zdg.md\/en\/wp-json\/wp\/v2\/posts\/9002","targetHints":{"allow":["GET"]}}],"collection":[{"href":"https:\/\/www.zdg.md\/en\/wp-json\/wp\/v2\/posts"}],"about":[{"href":"https:\/\/www.zdg.md\/en\/wp-json\/wp\/v2\/types\/post"}],"author":[{"embeddable":true,"href":"https:\/\/www.zdg.md\/en\/wp-json\/wp\/v2\/users\/11"}],"replies":[{"embeddable":true,"href":"https:\/\/www.zdg.md\/en\/wp-json\/wp\/v2\/comments?post=9002"}],"version-history":[{"count":0,"href":"https:\/\/www.zdg.md\/en\/wp-json\/wp\/v2\/posts\/9002\/revisions"}],"wp:featuredmedia":[{"embeddable":true,"href":"https:\/\/www.zdg.md\/en\/wp-json\/wp\/v2\/media\/9003"}],"wp:attachment":[{"href":"https:\/\/www.zdg.md\/en\/wp-json\/wp\/v2\/media?parent=9002"}],"wp:term":[{"taxonomy":"category","embeddable":true,"href":"https:\/\/www.zdg.md\/en\/wp-json\/wp\/v2\/categories?post=9002"},{"taxonomy":"post_tag","embeddable":true,"href":"https:\/\/www.zdg.md\/en\/wp-json\/wp\/v2\/tags?post=9002"},{"taxonomy":"autor","embeddable":true,"href":"https:\/\/www.zdg.md\/en\/wp-json\/wp\/v2\/autor?post=9002"}],"curies":[{"name":"wp","href":"https:\/\/api.w.org\/{rel}","templated":true}]}}