{"id":8709,"date":"2021-11-22T16:31:20","date_gmt":"2021-11-22T14:31:20","guid":{"rendered":"https:\/\/www.zdg.md\/en\/?p=8709"},"modified":"2021-11-22T16:31:49","modified_gmt":"2021-11-22T14:31:49","slug":"president-maia-sandu-and-the-secretary-general-of-the-council-of-europe-marija-pejcinovic-buric-held-a-joint-press-conference","status":"publish","type":"post","link":"https:\/\/www.zdg.md\/en\/president-maia-sandu-and-the-secretary-general-of-the-council-of-europe-marija-pejcinovic-buric-held-a-joint-press-conference\/","title":{"rendered":"President Maia Sandu and the Secretary General of the Council of Europe, Marija Pej\u010dinovi\u0107 Buri\u0107, Held a Joint Press Conference"},"content":{"rendered":"\n<p><strong>President Maia Sandu and the Secretary General of the Council of Europe, Marija Pej\u010dinovi\u0107 Buri\u0107, held a joint press conference on Tuesday, November 22nd. The Secretary General of the Council of Europe, Marija Pej\u010dinovi\u0107 Buri\u0107, is on a working visit to Chi\u0219in\u0103u. <\/strong><\/p>\n\n\n\n<blockquote class=\"wp-block-quote is-layout-flow wp-block-quote-is-layout-flow\"><p>&#8220;The visit marks the progress made in the last few months in the relationship between Moldova and the Council of Europe and takes note of the most important developments in the justice system. The changes that took place in Moldova during this period, allowed us to advance on several topics of common interest. We discussed with the Secretary General the implementation of the assistance projects included in the Council of Europe Action Plan for Moldova for the years 2021-2024, which we launched together in April in Strasbourg, following the strategic cooperation previously initiated. This Plan aims to assist us in aligning legislation, institutions, and practice with European standards in the field of human rights, the rule of law, and democracy (\u2026),&#8221; said Maia Sandu.<\/p><\/blockquote>\n\n\n\n<blockquote class=\"wp-block-quote is-layout-flow wp-block-quote-is-layout-flow\"><p>&#8220;I am glad to be in Moldova today for my first official visit as Secretary General of the Council of Europe. Madam President, allow me to begin by expressing my gratitude for the fact that you have invited me to come to Moldova (\u2026). As far as you know, the cornerstone of our cooperation is the creation of a Council of Europe Action Plan for Moldova for the period 2021-2024, which we, Madam President, launched together in April. It covers all areas in which the Council of Europe cooperates with Moldova. During today&#8217;s meeting, I had the opportunity to appreciate the strong determination of the reform process, in particular the reform of the justice sector and the fight against corruption,&#8221; said the Secretary General of the Council of Europe.<\/p><\/blockquote>\n\n\n\n<p><strong>President Maia Sandu met on Monday, November 22, with the Secretary General of the Council of Europe, Marija Pej\u010dinovi\u0107 Buri\u0107, who is on a working visit to Chi\u0219in\u0103u.<\/strong><\/p>\n","protected":false},"excerpt":{"rendered":"<p>President Maia Sandu and the Secretary General of the Council of Europe, Marija Pej\u010dinovi\u0107 Buri\u0107, held a joint press conference on Tuesday, November 22nd. The Secretary General of the Council of Europe, Marija Pej\u010dinovi\u0107 Buri\u0107, is on a working visit to Chi\u0219in\u0103u. &#8220;The visit marks the progress made in the last few months in the&#8230;<\/p>\n","protected":false},"author":9,"featured_media":8710,"comment_status":"open","ping_status":"open","sticky":true,"template":"","format":"standard","meta":{"_acf_changed":false,"inline_featured_image":false,"footnotes":""},"categories":[18,125,284,11,14,10,5],"tags":[524,70,73,48,573],"autor":[],"class_list":["post-8709","post","type-post","status-publish","format-standard","has-post-thumbnail","hentry","category-about-moldova","category-economy","category-foreign-affairs","category-important","category-moldova-explained","category-news","category-society","tag-councilofeurope","tag-europeanunion","tag-justicesystem","tag-moldova","tag-presidentmaiasandu"],"acf":[],"yoast_head":"<!-- This site is optimized with the Yoast SEO plugin v24.3 - https:\/\/yoast.com\/wordpress\/plugins\/seo\/ -->\n<title>President Maia Sandu and the Secretary General of the Council of Europe, Marija Pej\u010dinovi\u0107 Buri\u0107, Held a Joint Press Conference - Ziarul de Gard\u0103<\/title>\n<meta name=\"robots\" content=\"index, follow, max-snippet:-1, max-image-preview:large, max-video-preview:-1\" \/>\n<link rel=\"canonical\" href=\"https:\/\/www.zdg.md\/en\/president-maia-sandu-and-the-secretary-general-of-the-council-of-europe-marija-pejcinovic-buric-held-a-joint-press-conference\/\" \/>\n<meta property=\"og:locale\" content=\"en_US\" \/>\n<meta property=\"og:type\" content=\"article\" \/>\n<meta property=\"og:title\" content=\"President Maia Sandu and the Secretary General of the Council of Europe, Marija Pej\u010dinovi\u0107 Buri\u0107, Held a Joint Press Conference - Ziarul de Gard\u0103\" \/>\n<meta property=\"og:description\" content=\"President Maia Sandu and the Secretary General of the Council of Europe, Marija Pej\u010dinovi\u0107 Buri\u0107, held a joint press conference on Tuesday, November 22nd. The Secretary General of the Council of Europe, Marija Pej\u010dinovi\u0107 Buri\u0107, is on a working visit to Chi\u0219in\u0103u. &#8220;The visit marks the progress made in the last few months in the...\" \/>\n<meta property=\"og:url\" content=\"https:\/\/www.zdg.md\/en\/president-maia-sandu-and-the-secretary-general-of-the-council-of-europe-marija-pejcinovic-buric-held-a-joint-press-conference\/\" \/>\n<meta property=\"og:site_name\" content=\"Ziarul de Gard\u0103\" \/>\n<meta property=\"article:publisher\" content=\"https:\/\/www.facebook.com\/zdg.md\" \/>\n<meta property=\"article:published_time\" content=\"2021-11-22T14:31:20+00:00\" \/>\n<meta property=\"article:modified_time\" content=\"2021-11-22T14:31:49+00:00\" \/>\n<meta property=\"og:image\" content=\"https:\/\/www.zdg.md\/en\/wp-content\/uploads\/2021\/11\/2021-11-22-6-1920x1020-c-default.png\" \/>\n\t<meta property=\"og:image:width\" content=\"1920\" \/>\n\t<meta property=\"og:image:height\" content=\"1020\" \/>\n\t<meta property=\"og:image:type\" content=\"image\/png\" \/>\n<meta name=\"author\" content=\"Cristina Carmanu\" \/>\n<meta name=\"twitter:card\" content=\"summary_large_image\" \/>\n<meta name=\"twitter:creator\" content=\"@ZiarulDe\" \/>\n<meta name=\"twitter:site\" content=\"@ZiarulDe\" \/>\n<meta name=\"twitter:label1\" content=\"Written by\" \/>\n\t<meta name=\"twitter:data1\" content=\"Cristina Carmanu\" \/>\n\t<meta name=\"twitter:label2\" content=\"Est. reading time\" \/>\n\t<meta name=\"twitter:data2\" content=\"2 minutes\" \/>\n<script type=\"application\/ld+json\" class=\"yoast-schema-graph\">{\"@context\":\"https:\/\/schema.org\",\"@graph\":[{\"@type\":\"Article\",\"@id\":\"https:\/\/www.zdg.md\/en\/president-maia-sandu-and-the-secretary-general-of-the-council-of-europe-marija-pejcinovic-buric-held-a-joint-press-conference\/#article\",\"isPartOf\":{\"@id\":\"https:\/\/www.zdg.md\/en\/president-maia-sandu-and-the-secretary-general-of-the-council-of-europe-marija-pejcinovic-buric-held-a-joint-press-conference\/\"},\"author\":{\"name\":\"Cristina Carmanu\",\"@id\":\"https:\/\/www.zdg.md\/en\/#\/schema\/person\/d623cbc9e196fec78044598c7c770cc9\"},\"headline\":\"President Maia Sandu and the Secretary General of the Council of Europe, Marija Pej\u010dinovi\u0107 Buri\u0107, Held a Joint Press Conference\",\"datePublished\":\"2021-11-22T14:31:20+00:00\",\"dateModified\":\"2021-11-22T14:31:49+00:00\",\"mainEntityOfPage\":{\"@id\":\"https:\/\/www.zdg.md\/en\/president-maia-sandu-and-the-secretary-general-of-the-council-of-europe-marija-pejcinovic-buric-held-a-joint-press-conference\/\"},\"wordCount\":349,\"commentCount\":0,\"publisher\":{\"@id\":\"https:\/\/www.zdg.md\/en\/#organization\"},\"image\":{\"@id\":\"https:\/\/www.zdg.md\/en\/president-maia-sandu-and-the-secretary-general-of-the-council-of-europe-marija-pejcinovic-buric-held-a-joint-press-conference\/#primaryimage\"},\"thumbnailUrl\":\"https:\/\/www.zdg.md\/en\/wp-content\/uploads\/2021\/11\/2021-11-22-6-1920x1020-c-default.png\",\"keywords\":[\"#CouncilofEurope\",\"#EuropeanUnion\",\"#JusticeSystem\",\"#Moldova\",\"#PresidentMaiaSandu\"],\"articleSection\":[\"About Moldova\",\"Economy\",\"Foreign Affairs\",\"Important\",\"Moldova Explained\",\"News\",\"Society\"],\"inLanguage\":\"en-US\",\"potentialAction\":[{\"@type\":\"CommentAction\",\"name\":\"Comment\",\"target\":[\"https:\/\/www.zdg.md\/en\/president-maia-sandu-and-the-secretary-general-of-the-council-of-europe-marija-pejcinovic-buric-held-a-joint-press-conference\/#respond\"]}]},{\"@type\":\"WebPage\",\"@id\":\"https:\/\/www.zdg.md\/en\/president-maia-sandu-and-the-secretary-general-of-the-council-of-europe-marija-pejcinovic-buric-held-a-joint-press-conference\/\",\"url\":\"https:\/\/www.zdg.md\/en\/president-maia-sandu-and-the-secretary-general-of-the-council-of-europe-marija-pejcinovic-buric-held-a-joint-press-conference\/\",\"name\":\"President Maia Sandu and the Secretary General of the Council of Europe, Marija Pej\u010dinovi\u0107 Buri\u0107, Held a Joint Press Conference - Ziarul de Gard\u0103\",\"isPartOf\":{\"@id\":\"https:\/\/www.zdg.md\/en\/#website\"},\"primaryImageOfPage\":{\"@id\":\"https:\/\/www.zdg.md\/en\/president-maia-sandu-and-the-secretary-general-of-the-council-of-europe-marija-pejcinovic-buric-held-a-joint-press-conference\/#primaryimage\"},\"image\":{\"@id\":\"https:\/\/www.zdg.md\/en\/president-maia-sandu-and-the-secretary-general-of-the-council-of-europe-marija-pejcinovic-buric-held-a-joint-press-conference\/#primaryimage\"},\"thumbnailUrl\":\"https:\/\/www.zdg.md\/en\/wp-content\/uploads\/2021\/11\/2021-11-22-6-1920x1020-c-default.png\",\"datePublished\":\"2021-11-22T14:31:20+00:00\",\"dateModified\":\"2021-11-22T14:31:49+00:00\",\"breadcrumb\":{\"@id\":\"https:\/\/www.zdg.md\/en\/president-maia-sandu-and-the-secretary-general-of-the-council-of-europe-marija-pejcinovic-buric-held-a-joint-press-conference\/#breadcrumb\"},\"inLanguage\":\"en-US\",\"potentialAction\":[{\"@type\":\"ReadAction\",\"target\":[\"https:\/\/www.zdg.md\/en\/president-maia-sandu-and-the-secretary-general-of-the-council-of-europe-marija-pejcinovic-buric-held-a-joint-press-conference\/\"]}]},{\"@type\":\"ImageObject\",\"inLanguage\":\"en-US\",\"@id\":\"https:\/\/www.zdg.md\/en\/president-maia-sandu-and-the-secretary-general-of-the-council-of-europe-marija-pejcinovic-buric-held-a-joint-press-conference\/#primaryimage\",\"url\":\"https:\/\/www.zdg.md\/en\/wp-content\/uploads\/2021\/11\/2021-11-22-6-1920x1020-c-default.png\",\"contentUrl\":\"https:\/\/www.zdg.md\/en\/wp-content\/uploads\/2021\/11\/2021-11-22-6-1920x1020-c-default.png\",\"width\":1920,\"height\":1020,\"caption\":\"Source: Privesc.eu\"},{\"@type\":\"BreadcrumbList\",\"@id\":\"https:\/\/www.zdg.md\/en\/president-maia-sandu-and-the-secretary-general-of-the-council-of-europe-marija-pejcinovic-buric-held-a-joint-press-conference\/#breadcrumb\",\"itemListElement\":[{\"@type\":\"ListItem\",\"position\":1,\"name\":\"Home\",\"item\":\"https:\/\/www.zdg.md\/en\/\"},{\"@type\":\"ListItem\",\"position\":2,\"name\":\"President Maia Sandu and the Secretary General of the Council of Europe, Marija Pej\u010dinovi\u0107 Buri\u0107, Held a Joint Press Conference\"}]},{\"@type\":\"WebSite\",\"@id\":\"https:\/\/www.zdg.md\/en\/#website\",\"url\":\"https:\/\/www.zdg.md\/en\/\",\"name\":\"Ziarul de Gard\u0103\",\"description\":\"The only investigative newspaper in the Republic of Moldova\",\"publisher\":{\"@id\":\"https:\/\/www.zdg.md\/en\/#organization\"},\"potentialAction\":[{\"@type\":\"SearchAction\",\"target\":{\"@type\":\"EntryPoint\",\"urlTemplate\":\"https:\/\/www.zdg.md\/en\/?s={search_term_string}\"},\"query-input\":{\"@type\":\"PropertyValueSpecification\",\"valueRequired\":true,\"valueName\":\"search_term_string\"}}],\"inLanguage\":\"en-US\"},{\"@type\":\"Organization\",\"@id\":\"https:\/\/www.zdg.md\/en\/#organization\",\"name\":\"Ziarul de Gard\u0103\",\"url\":\"https:\/\/www.zdg.md\/en\/\",\"logo\":{\"@type\":\"ImageObject\",\"inLanguage\":\"en-US\",\"@id\":\"https:\/\/www.zdg.md\/en\/#\/schema\/logo\/image\/\",\"url\":\"https:\/\/www.zdg.md\/en\/wp-content\/uploads\/2025\/01\/logo-footer-1.svg\",\"contentUrl\":\"https:\/\/www.zdg.md\/en\/wp-content\/uploads\/2025\/01\/logo-footer-1.svg\",\"width\":124,\"height\":71,\"caption\":\"Ziarul de Gard\u0103\"},\"image\":{\"@id\":\"https:\/\/www.zdg.md\/en\/#\/schema\/logo\/image\/\"},\"sameAs\":[\"https:\/\/www.facebook.com\/zdg.md\",\"https:\/\/x.com\/ZiarulDe\"]},{\"@type\":\"Person\",\"@id\":\"https:\/\/www.zdg.md\/en\/#\/schema\/person\/d623cbc9e196fec78044598c7c770cc9\",\"name\":\"Cristina Carmanu\",\"image\":{\"@type\":\"ImageObject\",\"inLanguage\":\"en-US\",\"@id\":\"https:\/\/www.zdg.md\/en\/#\/schema\/person\/image\/\",\"url\":\"https:\/\/secure.gravatar.com\/avatar\/8d452f3d4bfb8e58e461d22691afcc6e?s=96&d=mm&r=g\",\"contentUrl\":\"https:\/\/secure.gravatar.com\/avatar\/8d452f3d4bfb8e58e461d22691afcc6e?s=96&d=mm&r=g\",\"caption\":\"Cristina Carmanu\"},\"url\":\"https:\/\/www.zdg.md\/en\/author\/cristina\/\"}]}<\/script>\n<!-- \/ Yoast SEO plugin. -->","yoast_head_json":{"title":"President Maia Sandu and the Secretary General of the Council of Europe, Marija Pej\u010dinovi\u0107 Buri\u0107, Held a Joint Press Conference - Ziarul de Gard\u0103","robots":{"index":"index","follow":"follow","max-snippet":"max-snippet:-1","max-image-preview":"max-image-preview:large","max-video-preview":"max-video-preview:-1"},"canonical":"https:\/\/www.zdg.md\/en\/president-maia-sandu-and-the-secretary-general-of-the-council-of-europe-marija-pejcinovic-buric-held-a-joint-press-conference\/","og_locale":"en_US","og_type":"article","og_title":"President Maia Sandu and the Secretary General of the Council of Europe, Marija Pej\u010dinovi\u0107 Buri\u0107, Held a Joint Press Conference - Ziarul de Gard\u0103","og_description":"President Maia Sandu and the Secretary General of the Council of Europe, Marija Pej\u010dinovi\u0107 Buri\u0107, held a joint press conference on Tuesday, November 22nd. The Secretary General of the Council of Europe, Marija Pej\u010dinovi\u0107 Buri\u0107, is on a working visit to Chi\u0219in\u0103u. &#8220;The visit marks the progress made in the last few months in the...","og_url":"https:\/\/www.zdg.md\/en\/president-maia-sandu-and-the-secretary-general-of-the-council-of-europe-marija-pejcinovic-buric-held-a-joint-press-conference\/","og_site_name":"Ziarul de Gard\u0103","article_publisher":"https:\/\/www.facebook.com\/zdg.md","article_published_time":"2021-11-22T14:31:20+00:00","article_modified_time":"2021-11-22T14:31:49+00:00","og_image":[{"width":1920,"height":1020,"url":"https:\/\/www.zdg.md\/en\/wp-content\/uploads\/2021\/11\/2021-11-22-6-1920x1020-c-default.png","type":"image\/png"}],"author":"Cristina Carmanu","twitter_card":"summary_large_image","twitter_creator":"@ZiarulDe","twitter_site":"@ZiarulDe","twitter_misc":{"Written by":"Cristina Carmanu","Est. reading time":"2 minutes"},"schema":{"@context":"https:\/\/schema.org","@graph":[{"@type":"Article","@id":"https:\/\/www.zdg.md\/en\/president-maia-sandu-and-the-secretary-general-of-the-council-of-europe-marija-pejcinovic-buric-held-a-joint-press-conference\/#article","isPartOf":{"@id":"https:\/\/www.zdg.md\/en\/president-maia-sandu-and-the-secretary-general-of-the-council-of-europe-marija-pejcinovic-buric-held-a-joint-press-conference\/"},"author":{"name":"Cristina Carmanu","@id":"https:\/\/www.zdg.md\/en\/#\/schema\/person\/d623cbc9e196fec78044598c7c770cc9"},"headline":"President Maia Sandu and the Secretary General of the Council of Europe, Marija Pej\u010dinovi\u0107 Buri\u0107, Held a Joint Press Conference","datePublished":"2021-11-22T14:31:20+00:00","dateModified":"2021-11-22T14:31:49+00:00","mainEntityOfPage":{"@id":"https:\/\/www.zdg.md\/en\/president-maia-sandu-and-the-secretary-general-of-the-council-of-europe-marija-pejcinovic-buric-held-a-joint-press-conference\/"},"wordCount":349,"commentCount":0,"publisher":{"@id":"https:\/\/www.zdg.md\/en\/#organization"},"image":{"@id":"https:\/\/www.zdg.md\/en\/president-maia-sandu-and-the-secretary-general-of-the-council-of-europe-marija-pejcinovic-buric-held-a-joint-press-conference\/#primaryimage"},"thumbnailUrl":"https:\/\/www.zdg.md\/en\/wp-content\/uploads\/2021\/11\/2021-11-22-6-1920x1020-c-default.png","keywords":["#CouncilofEurope","#EuropeanUnion","#JusticeSystem","#Moldova","#PresidentMaiaSandu"],"articleSection":["About Moldova","Economy","Foreign Affairs","Important","Moldova Explained","News","Society"],"inLanguage":"en-US","potentialAction":[{"@type":"CommentAction","name":"Comment","target":["https:\/\/www.zdg.md\/en\/president-maia-sandu-and-the-secretary-general-of-the-council-of-europe-marija-pejcinovic-buric-held-a-joint-press-conference\/#respond"]}]},{"@type":"WebPage","@id":"https:\/\/www.zdg.md\/en\/president-maia-sandu-and-the-secretary-general-of-the-council-of-europe-marija-pejcinovic-buric-held-a-joint-press-conference\/","url":"https:\/\/www.zdg.md\/en\/president-maia-sandu-and-the-secretary-general-of-the-council-of-europe-marija-pejcinovic-buric-held-a-joint-press-conference\/","name":"President Maia Sandu and the Secretary General of the Council of Europe, Marija Pej\u010dinovi\u0107 Buri\u0107, Held a Joint Press Conference - Ziarul de Gard\u0103","isPartOf":{"@id":"https:\/\/www.zdg.md\/en\/#website"},"primaryImageOfPage":{"@id":"https:\/\/www.zdg.md\/en\/president-maia-sandu-and-the-secretary-general-of-the-council-of-europe-marija-pejcinovic-buric-held-a-joint-press-conference\/#primaryimage"},"image":{"@id":"https:\/\/www.zdg.md\/en\/president-maia-sandu-and-the-secretary-general-of-the-council-of-europe-marija-pejcinovic-buric-held-a-joint-press-conference\/#primaryimage"},"thumbnailUrl":"https:\/\/www.zdg.md\/en\/wp-content\/uploads\/2021\/11\/2021-11-22-6-1920x1020-c-default.png","datePublished":"2021-11-22T14:31:20+00:00","dateModified":"2021-11-22T14:31:49+00:00","breadcrumb":{"@id":"https:\/\/www.zdg.md\/en\/president-maia-sandu-and-the-secretary-general-of-the-council-of-europe-marija-pejcinovic-buric-held-a-joint-press-conference\/#breadcrumb"},"inLanguage":"en-US","potentialAction":[{"@type":"ReadAction","target":["https:\/\/www.zdg.md\/en\/president-maia-sandu-and-the-secretary-general-of-the-council-of-europe-marija-pejcinovic-buric-held-a-joint-press-conference\/"]}]},{"@type":"ImageObject","inLanguage":"en-US","@id":"https:\/\/www.zdg.md\/en\/president-maia-sandu-and-the-secretary-general-of-the-council-of-europe-marija-pejcinovic-buric-held-a-joint-press-conference\/#primaryimage","url":"https:\/\/www.zdg.md\/en\/wp-content\/uploads\/2021\/11\/2021-11-22-6-1920x1020-c-default.png","contentUrl":"https:\/\/www.zdg.md\/en\/wp-content\/uploads\/2021\/11\/2021-11-22-6-1920x1020-c-default.png","width":1920,"height":1020,"caption":"Source: Privesc.eu"},{"@type":"BreadcrumbList","@id":"https:\/\/www.zdg.md\/en\/president-maia-sandu-and-the-secretary-general-of-the-council-of-europe-marija-pejcinovic-buric-held-a-joint-press-conference\/#breadcrumb","itemListElement":[{"@type":"ListItem","position":1,"name":"Home","item":"https:\/\/www.zdg.md\/en\/"},{"@type":"ListItem","position":2,"name":"President Maia Sandu and the Secretary General of the Council of Europe, Marija Pej\u010dinovi\u0107 Buri\u0107, Held a Joint Press Conference"}]},{"@type":"WebSite","@id":"https:\/\/www.zdg.md\/en\/#website","url":"https:\/\/www.zdg.md\/en\/","name":"Ziarul de Gard\u0103","description":"The only investigative newspaper in the Republic of Moldova","publisher":{"@id":"https:\/\/www.zdg.md\/en\/#organization"},"potentialAction":[{"@type":"SearchAction","target":{"@type":"EntryPoint","urlTemplate":"https:\/\/www.zdg.md\/en\/?s={search_term_string}"},"query-input":{"@type":"PropertyValueSpecification","valueRequired":true,"valueName":"search_term_string"}}],"inLanguage":"en-US"},{"@type":"Organization","@id":"https:\/\/www.zdg.md\/en\/#organization","name":"Ziarul de Gard\u0103","url":"https:\/\/www.zdg.md\/en\/","logo":{"@type":"ImageObject","inLanguage":"en-US","@id":"https:\/\/www.zdg.md\/en\/#\/schema\/logo\/image\/","url":"https:\/\/www.zdg.md\/en\/wp-content\/uploads\/2025\/01\/logo-footer-1.svg","contentUrl":"https:\/\/www.zdg.md\/en\/wp-content\/uploads\/2025\/01\/logo-footer-1.svg","width":124,"height":71,"caption":"Ziarul de Gard\u0103"},"image":{"@id":"https:\/\/www.zdg.md\/en\/#\/schema\/logo\/image\/"},"sameAs":["https:\/\/www.facebook.com\/zdg.md","https:\/\/x.com\/ZiarulDe"]},{"@type":"Person","@id":"https:\/\/www.zdg.md\/en\/#\/schema\/person\/d623cbc9e196fec78044598c7c770cc9","name":"Cristina Carmanu","image":{"@type":"ImageObject","inLanguage":"en-US","@id":"https:\/\/www.zdg.md\/en\/#\/schema\/person\/image\/","url":"https:\/\/secure.gravatar.com\/avatar\/8d452f3d4bfb8e58e461d22691afcc6e?s=96&d=mm&r=g","contentUrl":"https:\/\/secure.gravatar.com\/avatar\/8d452f3d4bfb8e58e461d22691afcc6e?s=96&d=mm&r=g","caption":"Cristina Carmanu"},"url":"https:\/\/www.zdg.md\/en\/author\/cristina\/"}]}},"_links":{"self":[{"href":"https:\/\/www.zdg.md\/en\/wp-json\/wp\/v2\/posts\/8709","targetHints":{"allow":["GET"]}}],"collection":[{"href":"https:\/\/www.zdg.md\/en\/wp-json\/wp\/v2\/posts"}],"about":[{"href":"https:\/\/www.zdg.md\/en\/wp-json\/wp\/v2\/types\/post"}],"author":[{"embeddable":true,"href":"https:\/\/www.zdg.md\/en\/wp-json\/wp\/v2\/users\/9"}],"replies":[{"embeddable":true,"href":"https:\/\/www.zdg.md\/en\/wp-json\/wp\/v2\/comments?post=8709"}],"version-history":[{"count":0,"href":"https:\/\/www.zdg.md\/en\/wp-json\/wp\/v2\/posts\/8709\/revisions"}],"wp:featuredmedia":[{"embeddable":true,"href":"https:\/\/www.zdg.md\/en\/wp-json\/wp\/v2\/media\/8710"}],"wp:attachment":[{"href":"https:\/\/www.zdg.md\/en\/wp-json\/wp\/v2\/media?parent=8709"}],"wp:term":[{"taxonomy":"category","embeddable":true,"href":"https:\/\/www.zdg.md\/en\/wp-json\/wp\/v2\/categories?post=8709"},{"taxonomy":"post_tag","embeddable":true,"href":"https:\/\/www.zdg.md\/en\/wp-json\/wp\/v2\/tags?post=8709"},{"taxonomy":"autor","embeddable":true,"href":"https:\/\/www.zdg.md\/en\/wp-json\/wp\/v2\/autor?post=8709"}],"curies":[{"name":"wp","href":"https:\/\/api.w.org\/{rel}","templated":true}]}}