{"id":8373,"date":"2021-10-15T08:57:35","date_gmt":"2021-10-15T05:57:35","guid":{"rendered":"https:\/\/www.zdg.md\/en\/?p=8373"},"modified":"2021-10-15T08:59:21","modified_gmt":"2021-10-15T05:59:21","slug":"press-release-the-first-centre-of-excellence-in-energy-efficiency-was-inaugurated-in-festelita-with-the-support-of-the-eu","status":"publish","type":"post","link":"https:\/\/www.zdg.md\/en\/press-release-the-first-centre-of-excellence-in-energy-efficiency-was-inaugurated-in-festelita-with-the-support-of-the-eu\/","title":{"rendered":"PRESS RELEASE: The First Centre of Excellence in Energy Efficiency was Inaugurated in Fe\u0219teli\u021ba with the Support of the EU"},"content":{"rendered":"\n<p><strong><em>Fe\u0219teli\u021ba, r. \u0218tefan Vod\u0103 has become the first energy-intelligent locality in the Republic of Moldova, with the support of the European Union. Thus, the community benefits from an additional source of income for the local people. The inauguration event of the Centre of Excellence in Energy Efficiency took place in the context of European Climate Diplomacy Week and European Sustainable Energy Week 2021.<\/em><\/strong><\/p>\n\n\n\n<p>The <strong>Centre of Excellence in Energy Efficiency in the locality of Fe\u0219teli\u021ba<\/strong>, launched on <strong>13 October 2021<\/strong>, created with the financial support of the European Union, is the only one in the Republic of Moldova. The centre consists of 10 types of demonstration sub-projects in the field of energy efficiency and renewable energy: smart street lighting, photovoltaic park, on-grid panels, biomass-based boiler rooms, solar collectors. Such type of flagship project contributes to building a secure energy future and similar achievements are part of the top agenda of the EU Sustainable Energy Week (EUSEW), which take place annually all over Europe. Moreover, current year activities of EUSEW take place under the theme \u2018Towards 2030: Reshaping the European Energy System\u2019.<\/p>\n\n\n\n<p>\u201d<em>The creation of the Centre for Excellence on Energy Efficiency in Festelita village, with the support of the European Union, is an outstanding example of combining energy efficiency and green renewable energy locally produced. This integrated approach showcases the benefits of engaging with a green transition, which will ensure a better quality of life for the citizens, more resources available for the local budget and at the same time will help to address climate change and energy security. This initiative is also attracting further investments from international partners, such as Nordic Environment Finance Corporation or Global Environment Facility. We are glad to see that the support of the European Union created the opportunity for such a successful initiative<\/em>\u201d, said J\u0101nis Ma\u017eeiks, EU Ambassador to Moldova.<\/p>\n\n\n\n<figure class=\"wp-block-image size-large\"><img loading=\"lazy\" decoding=\"async\" width=\"740\" height=\"740\" src=\"https:\/\/www.zdg.md\/en\/wp-content\/uploads\/2021\/10\/245688626_236887725149957_8812889636287397245_n-740x740.jpg\" alt=\"\" class=\"wp-image-8375\" srcset=\"https:\/\/www.zdg.md\/en\/wp-content\/uploads\/2021\/10\/245688626_236887725149957_8812889636287397245_n-740x740.jpg 740w, https:\/\/www.zdg.md\/en\/wp-content\/uploads\/2021\/10\/245688626_236887725149957_8812889636287397245_n-360x360.jpg 360w, https:\/\/www.zdg.md\/en\/wp-content\/uploads\/2021\/10\/245688626_236887725149957_8812889636287397245_n-220x220.jpg 220w, https:\/\/www.zdg.md\/en\/wp-content\/uploads\/2021\/10\/245688626_236887725149957_8812889636287397245_n-768x768.jpg 768w, https:\/\/www.zdg.md\/en\/wp-content\/uploads\/2021\/10\/245688626_236887725149957_8812889636287397245_n.jpg 1080w\" sizes=\"auto, (max-width: 740px) 100vw, 740px\" \/><figcaption>Photo: European Union in the Republic of Moldova\/Facebook<\/figcaption><\/figure>\n\n\n\n<p>The centre represents, at the country level, a model for the exchange of good practices in this field. Thus, with the financial support of the European Union, Fe\u0219teli\u021ba became the first smart energy village in the country, with 4 buildings of local public institutions corresponding to the nZEB label (buildings with almost zero energy consumption), and Fe\u0219teli\u021ba mayoralty &#8211; the first local public authority which manages a photovoltaic park. All of the 3,000 locals in Fe\u0219teli\u021ba enjoy better conditions for living, education and work.<\/p>\n\n\n\n<p>The community annually produces electricity of about 384 MWh \/ year and records energy savings of about 647h MW \/ year and over 1,000,000 lei, as profit in the local budget. Thanks to the European Union, the village of Fe\u015fteli\u0163a obtains an additional source of income from which the local population of Fe\u015fteli\u021ba benefits.<\/p>\n\n\n\n<p>The mayor of Fe\u015fteli\u0163a, Nicolae Tudoreanu, mentioned: \u201c<em>Excellence in Energy Efficiency &#8211; this is what we wanted to achieve in Fe\u015fteli\u0163a and to prove that it can be possible in the villages of the Republic of Moldova. Together with the community, we overcame the existing stereotypes and with the financial support of the European Union, Fe\u015fteli\u0163a village switched to eco-energy. At first glance, it seemed a difficult goal to achieve, but not for us<\/em>.\u201d<\/p>\n\n\n\n<figure class=\"wp-block-image size-large\"><img loading=\"lazy\" decoding=\"async\" width=\"740\" height=\"740\" src=\"https:\/\/www.zdg.md\/en\/wp-content\/uploads\/2021\/10\/243027725_236887991816597_7381109437099984907_n-740x740.jpg\" alt=\"\" class=\"wp-image-8376\" srcset=\"https:\/\/www.zdg.md\/en\/wp-content\/uploads\/2021\/10\/243027725_236887991816597_7381109437099984907_n-740x740.jpg 740w, https:\/\/www.zdg.md\/en\/wp-content\/uploads\/2021\/10\/243027725_236887991816597_7381109437099984907_n-360x360.jpg 360w, https:\/\/www.zdg.md\/en\/wp-content\/uploads\/2021\/10\/243027725_236887991816597_7381109437099984907_n-220x220.jpg 220w, https:\/\/www.zdg.md\/en\/wp-content\/uploads\/2021\/10\/243027725_236887991816597_7381109437099984907_n-768x768.jpg 768w, https:\/\/www.zdg.md\/en\/wp-content\/uploads\/2021\/10\/243027725_236887991816597_7381109437099984907_n.jpg 1080w\" sizes=\"auto, (max-width: 740px) 100vw, 740px\" \/><figcaption>Photo: European Union in the Republic of Moldova\/Facebook<\/figcaption><\/figure>\n\n\n\n<p>The guests and participants at the inauguration event visited various types of state-of-the-art energy efficiency infrastructure implemented in Fe\u015fteli\u0163a, namely within the premises of the mayor\u2019s office, kindergarten, gymnasium and the local centre of culture, benefiting the population of the village.<\/p>\n\n\n\n<p>The Centre of Excellence from the village of Fe\u0219teli\u021ba, in \u0218tefan Vod\u0103 district, was created within the project \u201cCreation of the centre of excellence by piloting new technologies demonstrating energy efficiency and renewable energy sources in the village of Fe\u0219teli\u021ba\u201d. The project is implemented by Fe\u015fteli\u0163a mayoralty, in partnership with the Public Association \u2018Social Innovation Fund of Moldova\u2019, with the financial support of the European Union, within the Programme &#8220;Covenant of Mayors &#8211; Demonstration Projects&#8221;.<\/p>\n\n\n\n<p><strong>Background information<\/strong><\/p>\n\n\n\n<p><em>About the Centre of Excellence in Festeli\u021ba, r. \u0218tefan Vod\u0103<\/em><\/p>\n\n\n\n<p>The total cost of the project is 800,000 euro, of which 500,000 euros is a grant offered by the European Union, and 300,000 euro was the national and local contribution through the Energy Efficiency Agency, \u015etefan Vod\u0103 District Council, Fe\u015fteli\u0163a Local Public Administration and people in the Fe\u0219teli\u021ba village. These investments contribute to the reduction of CO<sub>2<\/sub> emissions, by 465 tons\/year, which is 52% less compared to 2011. This official commitment made to the Convention of Mayors for Climate and Energy, signed in 2013, was honoured by the village Fe\u015fteli\u0163a.<\/p>\n\n\n\n<p><strong>For more information: Viorica St\u00eenc\u0103, communication expert, Social Innovation Fund of Moldova, tel. +37379577896, email: <\/strong><a href=\"mailto:fism.office@gmail.com\"><strong>fism.office@gmail.com<\/strong><\/a><strong>.<\/strong><\/p>\n\n\n\n<p><em>About the EU Sustainable Energy Week 2021<\/em><\/p>\n\n\n\n<p>The EU Sustainable Energy Week (EUSEW) \u2013 the biggest event dedicated to renewables and efficient energy use in Europe \u2013 is back for its 16th edition. Organized by the European Commission, EUSEW 2021 will take place on 25-29 October 2021 under the theme: \u2018<strong>Towards 2030: Reshaping the European Energy System<\/strong>\u2019. On EUSEW occasions, various communities host events to foster dialogue and cooperation on climate change, showcase success stories and inspire further action.<\/p>\n\n\n\n<p>For more information, please access: <a href=\"http:\/\/www.eusew.eu\/\">www.eusew.eu<\/a><\/p>\n","protected":false},"excerpt":{"rendered":"<p>Fe\u0219teli\u021ba, r. \u0218tefan Vod\u0103 has become the first energy-intelligent locality in the Republic of Moldova, with the support of the European Union. Thus, the community benefits from an additional source of income for the local people. The inauguration event of the Centre of Excellence in Energy Efficiency took place in the context of European Climate&#8230;<\/p>\n","protected":false},"author":9,"featured_media":8374,"comment_status":"open","ping_status":"open","sticky":true,"template":"","format":"standard","meta":{"_acf_changed":false,"inline_featured_image":false,"footnotes":""},"categories":[18,284,14,10,5],"tags":[70,272,48,122],"autor":[],"class_list":["post-8373","post","type-post","status-publish","format-standard","has-post-thumbnail","hentry","category-about-moldova","category-foreign-affairs","category-moldova-explained","category-news","category-society","tag-europeanunion","tag-financialsupport","tag-moldova","tag-pressrelease"],"acf":[],"yoast_head":"<!-- This site is optimized with the Yoast SEO plugin v24.3 - https:\/\/yoast.com\/wordpress\/plugins\/seo\/ -->\n<title>PRESS RELEASE: The First Centre of Excellence in Energy Efficiency was Inaugurated in Fe\u0219teli\u021ba with the Support of the EU - Ziarul de Gard\u0103<\/title>\n<meta name=\"robots\" content=\"index, follow, max-snippet:-1, max-image-preview:large, max-video-preview:-1\" \/>\n<link rel=\"canonical\" href=\"https:\/\/www.zdg.md\/en\/press-release-the-first-centre-of-excellence-in-energy-efficiency-was-inaugurated-in-festelita-with-the-support-of-the-eu\/\" \/>\n<meta property=\"og:locale\" content=\"en_US\" \/>\n<meta property=\"og:type\" content=\"article\" \/>\n<meta property=\"og:title\" content=\"PRESS RELEASE: The First Centre of Excellence in Energy Efficiency was Inaugurated in Fe\u0219teli\u021ba with the Support of the EU - Ziarul de Gard\u0103\" \/>\n<meta property=\"og:description\" content=\"Fe\u0219teli\u021ba, r. \u0218tefan Vod\u0103 has become the first energy-intelligent locality in the Republic of Moldova, with the support of the European Union. Thus, the community benefits from an additional source of income for the local people. The inauguration event of the Centre of Excellence in Energy Efficiency took place in the context of European Climate...\" \/>\n<meta property=\"og:url\" content=\"https:\/\/www.zdg.md\/en\/press-release-the-first-centre-of-excellence-in-energy-efficiency-was-inaugurated-in-festelita-with-the-support-of-the-eu\/\" \/>\n<meta property=\"og:site_name\" content=\"Ziarul de Gard\u0103\" \/>\n<meta property=\"article:publisher\" content=\"https:\/\/www.facebook.com\/zdg.md\" \/>\n<meta property=\"article:published_time\" content=\"2021-10-15T05:57:35+00:00\" \/>\n<meta property=\"article:modified_time\" content=\"2021-10-15T05:59:21+00:00\" \/>\n<meta property=\"og:image\" content=\"https:\/\/www.zdg.md\/en\/wp-content\/uploads\/2021\/10\/242999788_236887565149973_1524413914136402212_n.jpg\" \/>\n\t<meta property=\"og:image:width\" content=\"1080\" \/>\n\t<meta property=\"og:image:height\" content=\"1080\" \/>\n\t<meta property=\"og:image:type\" content=\"image\/jpeg\" \/>\n<meta name=\"author\" content=\"Cristina Carmanu\" \/>\n<meta name=\"twitter:card\" content=\"summary_large_image\" \/>\n<meta name=\"twitter:creator\" content=\"@ZiarulDe\" \/>\n<meta name=\"twitter:site\" content=\"@ZiarulDe\" \/>\n<meta name=\"twitter:label1\" content=\"Written by\" \/>\n\t<meta name=\"twitter:data1\" content=\"Cristina Carmanu\" \/>\n\t<meta name=\"twitter:label2\" content=\"Est. reading time\" \/>\n\t<meta name=\"twitter:data2\" content=\"4 minutes\" \/>\n<script type=\"application\/ld+json\" class=\"yoast-schema-graph\">{\"@context\":\"https:\/\/schema.org\",\"@graph\":[{\"@type\":\"Article\",\"@id\":\"https:\/\/www.zdg.md\/en\/press-release-the-first-centre-of-excellence-in-energy-efficiency-was-inaugurated-in-festelita-with-the-support-of-the-eu\/#article\",\"isPartOf\":{\"@id\":\"https:\/\/www.zdg.md\/en\/press-release-the-first-centre-of-excellence-in-energy-efficiency-was-inaugurated-in-festelita-with-the-support-of-the-eu\/\"},\"author\":{\"name\":\"Cristina Carmanu\",\"@id\":\"https:\/\/www.zdg.md\/en\/#\/schema\/person\/d623cbc9e196fec78044598c7c770cc9\"},\"headline\":\"PRESS RELEASE: The First Centre of Excellence in Energy Efficiency was Inaugurated in Fe\u0219teli\u021ba with the Support of the EU\",\"datePublished\":\"2021-10-15T05:57:35+00:00\",\"dateModified\":\"2021-10-15T05:59:21+00:00\",\"mainEntityOfPage\":{\"@id\":\"https:\/\/www.zdg.md\/en\/press-release-the-first-centre-of-excellence-in-energy-efficiency-was-inaugurated-in-festelita-with-the-support-of-the-eu\/\"},\"wordCount\":897,\"commentCount\":0,\"publisher\":{\"@id\":\"https:\/\/www.zdg.md\/en\/#organization\"},\"image\":{\"@id\":\"https:\/\/www.zdg.md\/en\/press-release-the-first-centre-of-excellence-in-energy-efficiency-was-inaugurated-in-festelita-with-the-support-of-the-eu\/#primaryimage\"},\"thumbnailUrl\":\"https:\/\/www.zdg.md\/en\/wp-content\/uploads\/2021\/10\/242999788_236887565149973_1524413914136402212_n.jpg\",\"keywords\":[\"#EuropeanUnion\",\"#FinancialSupport\",\"#Moldova\",\"#PressRelease\"],\"articleSection\":[\"About Moldova\",\"Foreign Affairs\",\"Moldova Explained\",\"News\",\"Society\"],\"inLanguage\":\"en-US\",\"potentialAction\":[{\"@type\":\"CommentAction\",\"name\":\"Comment\",\"target\":[\"https:\/\/www.zdg.md\/en\/press-release-the-first-centre-of-excellence-in-energy-efficiency-was-inaugurated-in-festelita-with-the-support-of-the-eu\/#respond\"]}]},{\"@type\":\"WebPage\",\"@id\":\"https:\/\/www.zdg.md\/en\/press-release-the-first-centre-of-excellence-in-energy-efficiency-was-inaugurated-in-festelita-with-the-support-of-the-eu\/\",\"url\":\"https:\/\/www.zdg.md\/en\/press-release-the-first-centre-of-excellence-in-energy-efficiency-was-inaugurated-in-festelita-with-the-support-of-the-eu\/\",\"name\":\"PRESS RELEASE: The First Centre of Excellence in Energy Efficiency was Inaugurated in Fe\u0219teli\u021ba with the Support of the EU - Ziarul de Gard\u0103\",\"isPartOf\":{\"@id\":\"https:\/\/www.zdg.md\/en\/#website\"},\"primaryImageOfPage\":{\"@id\":\"https:\/\/www.zdg.md\/en\/press-release-the-first-centre-of-excellence-in-energy-efficiency-was-inaugurated-in-festelita-with-the-support-of-the-eu\/#primaryimage\"},\"image\":{\"@id\":\"https:\/\/www.zdg.md\/en\/press-release-the-first-centre-of-excellence-in-energy-efficiency-was-inaugurated-in-festelita-with-the-support-of-the-eu\/#primaryimage\"},\"thumbnailUrl\":\"https:\/\/www.zdg.md\/en\/wp-content\/uploads\/2021\/10\/242999788_236887565149973_1524413914136402212_n.jpg\",\"datePublished\":\"2021-10-15T05:57:35+00:00\",\"dateModified\":\"2021-10-15T05:59:21+00:00\",\"breadcrumb\":{\"@id\":\"https:\/\/www.zdg.md\/en\/press-release-the-first-centre-of-excellence-in-energy-efficiency-was-inaugurated-in-festelita-with-the-support-of-the-eu\/#breadcrumb\"},\"inLanguage\":\"en-US\",\"potentialAction\":[{\"@type\":\"ReadAction\",\"target\":[\"https:\/\/www.zdg.md\/en\/press-release-the-first-centre-of-excellence-in-energy-efficiency-was-inaugurated-in-festelita-with-the-support-of-the-eu\/\"]}]},{\"@type\":\"ImageObject\",\"inLanguage\":\"en-US\",\"@id\":\"https:\/\/www.zdg.md\/en\/press-release-the-first-centre-of-excellence-in-energy-efficiency-was-inaugurated-in-festelita-with-the-support-of-the-eu\/#primaryimage\",\"url\":\"https:\/\/www.zdg.md\/en\/wp-content\/uploads\/2021\/10\/242999788_236887565149973_1524413914136402212_n.jpg\",\"contentUrl\":\"https:\/\/www.zdg.md\/en\/wp-content\/uploads\/2021\/10\/242999788_236887565149973_1524413914136402212_n.jpg\",\"width\":1080,\"height\":1080,\"caption\":\"Photo: European Union in the Republic of Moldova\/Facebook\"},{\"@type\":\"BreadcrumbList\",\"@id\":\"https:\/\/www.zdg.md\/en\/press-release-the-first-centre-of-excellence-in-energy-efficiency-was-inaugurated-in-festelita-with-the-support-of-the-eu\/#breadcrumb\",\"itemListElement\":[{\"@type\":\"ListItem\",\"position\":1,\"name\":\"Home\",\"item\":\"https:\/\/www.zdg.md\/en\/\"},{\"@type\":\"ListItem\",\"position\":2,\"name\":\"PRESS RELEASE: The First Centre of Excellence in Energy Efficiency was Inaugurated in Fe\u0219teli\u021ba with the Support of the EU\"}]},{\"@type\":\"WebSite\",\"@id\":\"https:\/\/www.zdg.md\/en\/#website\",\"url\":\"https:\/\/www.zdg.md\/en\/\",\"name\":\"Ziarul de Gard\u0103\",\"description\":\"The only investigative newspaper in the Republic of Moldova\",\"publisher\":{\"@id\":\"https:\/\/www.zdg.md\/en\/#organization\"},\"potentialAction\":[{\"@type\":\"SearchAction\",\"target\":{\"@type\":\"EntryPoint\",\"urlTemplate\":\"https:\/\/www.zdg.md\/en\/?s={search_term_string}\"},\"query-input\":{\"@type\":\"PropertyValueSpecification\",\"valueRequired\":true,\"valueName\":\"search_term_string\"}}],\"inLanguage\":\"en-US\"},{\"@type\":\"Organization\",\"@id\":\"https:\/\/www.zdg.md\/en\/#organization\",\"name\":\"Ziarul de Gard\u0103\",\"url\":\"https:\/\/www.zdg.md\/en\/\",\"logo\":{\"@type\":\"ImageObject\",\"inLanguage\":\"en-US\",\"@id\":\"https:\/\/www.zdg.md\/en\/#\/schema\/logo\/image\/\",\"url\":\"https:\/\/www.zdg.md\/en\/wp-content\/uploads\/2025\/01\/logo-footer-1.svg\",\"contentUrl\":\"https:\/\/www.zdg.md\/en\/wp-content\/uploads\/2025\/01\/logo-footer-1.svg\",\"width\":124,\"height\":71,\"caption\":\"Ziarul de Gard\u0103\"},\"image\":{\"@id\":\"https:\/\/www.zdg.md\/en\/#\/schema\/logo\/image\/\"},\"sameAs\":[\"https:\/\/www.facebook.com\/zdg.md\",\"https:\/\/x.com\/ZiarulDe\"]},{\"@type\":\"Person\",\"@id\":\"https:\/\/www.zdg.md\/en\/#\/schema\/person\/d623cbc9e196fec78044598c7c770cc9\",\"name\":\"Cristina Carmanu\",\"image\":{\"@type\":\"ImageObject\",\"inLanguage\":\"en-US\",\"@id\":\"https:\/\/www.zdg.md\/en\/#\/schema\/person\/image\/\",\"url\":\"https:\/\/secure.gravatar.com\/avatar\/8d452f3d4bfb8e58e461d22691afcc6e?s=96&d=mm&r=g\",\"contentUrl\":\"https:\/\/secure.gravatar.com\/avatar\/8d452f3d4bfb8e58e461d22691afcc6e?s=96&d=mm&r=g\",\"caption\":\"Cristina Carmanu\"},\"url\":\"https:\/\/www.zdg.md\/en\/author\/cristina\/\"}]}<\/script>\n<!-- \/ Yoast SEO plugin. -->","yoast_head_json":{"title":"PRESS RELEASE: The First Centre of Excellence in Energy Efficiency was Inaugurated in Fe\u0219teli\u021ba with the Support of the EU - Ziarul de Gard\u0103","robots":{"index":"index","follow":"follow","max-snippet":"max-snippet:-1","max-image-preview":"max-image-preview:large","max-video-preview":"max-video-preview:-1"},"canonical":"https:\/\/www.zdg.md\/en\/press-release-the-first-centre-of-excellence-in-energy-efficiency-was-inaugurated-in-festelita-with-the-support-of-the-eu\/","og_locale":"en_US","og_type":"article","og_title":"PRESS RELEASE: The First Centre of Excellence in Energy Efficiency was Inaugurated in Fe\u0219teli\u021ba with the Support of the EU - Ziarul de Gard\u0103","og_description":"Fe\u0219teli\u021ba, r. \u0218tefan Vod\u0103 has become the first energy-intelligent locality in the Republic of Moldova, with the support of the European Union. Thus, the community benefits from an additional source of income for the local people. The inauguration event of the Centre of Excellence in Energy Efficiency took place in the context of European Climate...","og_url":"https:\/\/www.zdg.md\/en\/press-release-the-first-centre-of-excellence-in-energy-efficiency-was-inaugurated-in-festelita-with-the-support-of-the-eu\/","og_site_name":"Ziarul de Gard\u0103","article_publisher":"https:\/\/www.facebook.com\/zdg.md","article_published_time":"2021-10-15T05:57:35+00:00","article_modified_time":"2021-10-15T05:59:21+00:00","og_image":[{"width":1080,"height":1080,"url":"https:\/\/www.zdg.md\/en\/wp-content\/uploads\/2021\/10\/242999788_236887565149973_1524413914136402212_n.jpg","type":"image\/jpeg"}],"author":"Cristina Carmanu","twitter_card":"summary_large_image","twitter_creator":"@ZiarulDe","twitter_site":"@ZiarulDe","twitter_misc":{"Written by":"Cristina Carmanu","Est. reading time":"4 minutes"},"schema":{"@context":"https:\/\/schema.org","@graph":[{"@type":"Article","@id":"https:\/\/www.zdg.md\/en\/press-release-the-first-centre-of-excellence-in-energy-efficiency-was-inaugurated-in-festelita-with-the-support-of-the-eu\/#article","isPartOf":{"@id":"https:\/\/www.zdg.md\/en\/press-release-the-first-centre-of-excellence-in-energy-efficiency-was-inaugurated-in-festelita-with-the-support-of-the-eu\/"},"author":{"name":"Cristina Carmanu","@id":"https:\/\/www.zdg.md\/en\/#\/schema\/person\/d623cbc9e196fec78044598c7c770cc9"},"headline":"PRESS RELEASE: The First Centre of Excellence in Energy Efficiency was Inaugurated in Fe\u0219teli\u021ba with the Support of the EU","datePublished":"2021-10-15T05:57:35+00:00","dateModified":"2021-10-15T05:59:21+00:00","mainEntityOfPage":{"@id":"https:\/\/www.zdg.md\/en\/press-release-the-first-centre-of-excellence-in-energy-efficiency-was-inaugurated-in-festelita-with-the-support-of-the-eu\/"},"wordCount":897,"commentCount":0,"publisher":{"@id":"https:\/\/www.zdg.md\/en\/#organization"},"image":{"@id":"https:\/\/www.zdg.md\/en\/press-release-the-first-centre-of-excellence-in-energy-efficiency-was-inaugurated-in-festelita-with-the-support-of-the-eu\/#primaryimage"},"thumbnailUrl":"https:\/\/www.zdg.md\/en\/wp-content\/uploads\/2021\/10\/242999788_236887565149973_1524413914136402212_n.jpg","keywords":["#EuropeanUnion","#FinancialSupport","#Moldova","#PressRelease"],"articleSection":["About Moldova","Foreign Affairs","Moldova Explained","News","Society"],"inLanguage":"en-US","potentialAction":[{"@type":"CommentAction","name":"Comment","target":["https:\/\/www.zdg.md\/en\/press-release-the-first-centre-of-excellence-in-energy-efficiency-was-inaugurated-in-festelita-with-the-support-of-the-eu\/#respond"]}]},{"@type":"WebPage","@id":"https:\/\/www.zdg.md\/en\/press-release-the-first-centre-of-excellence-in-energy-efficiency-was-inaugurated-in-festelita-with-the-support-of-the-eu\/","url":"https:\/\/www.zdg.md\/en\/press-release-the-first-centre-of-excellence-in-energy-efficiency-was-inaugurated-in-festelita-with-the-support-of-the-eu\/","name":"PRESS RELEASE: The First Centre of Excellence in Energy Efficiency was Inaugurated in Fe\u0219teli\u021ba with the Support of the EU - Ziarul de Gard\u0103","isPartOf":{"@id":"https:\/\/www.zdg.md\/en\/#website"},"primaryImageOfPage":{"@id":"https:\/\/www.zdg.md\/en\/press-release-the-first-centre-of-excellence-in-energy-efficiency-was-inaugurated-in-festelita-with-the-support-of-the-eu\/#primaryimage"},"image":{"@id":"https:\/\/www.zdg.md\/en\/press-release-the-first-centre-of-excellence-in-energy-efficiency-was-inaugurated-in-festelita-with-the-support-of-the-eu\/#primaryimage"},"thumbnailUrl":"https:\/\/www.zdg.md\/en\/wp-content\/uploads\/2021\/10\/242999788_236887565149973_1524413914136402212_n.jpg","datePublished":"2021-10-15T05:57:35+00:00","dateModified":"2021-10-15T05:59:21+00:00","breadcrumb":{"@id":"https:\/\/www.zdg.md\/en\/press-release-the-first-centre-of-excellence-in-energy-efficiency-was-inaugurated-in-festelita-with-the-support-of-the-eu\/#breadcrumb"},"inLanguage":"en-US","potentialAction":[{"@type":"ReadAction","target":["https:\/\/www.zdg.md\/en\/press-release-the-first-centre-of-excellence-in-energy-efficiency-was-inaugurated-in-festelita-with-the-support-of-the-eu\/"]}]},{"@type":"ImageObject","inLanguage":"en-US","@id":"https:\/\/www.zdg.md\/en\/press-release-the-first-centre-of-excellence-in-energy-efficiency-was-inaugurated-in-festelita-with-the-support-of-the-eu\/#primaryimage","url":"https:\/\/www.zdg.md\/en\/wp-content\/uploads\/2021\/10\/242999788_236887565149973_1524413914136402212_n.jpg","contentUrl":"https:\/\/www.zdg.md\/en\/wp-content\/uploads\/2021\/10\/242999788_236887565149973_1524413914136402212_n.jpg","width":1080,"height":1080,"caption":"Photo: European Union in the Republic of Moldova\/Facebook"},{"@type":"BreadcrumbList","@id":"https:\/\/www.zdg.md\/en\/press-release-the-first-centre-of-excellence-in-energy-efficiency-was-inaugurated-in-festelita-with-the-support-of-the-eu\/#breadcrumb","itemListElement":[{"@type":"ListItem","position":1,"name":"Home","item":"https:\/\/www.zdg.md\/en\/"},{"@type":"ListItem","position":2,"name":"PRESS RELEASE: The First Centre of Excellence in Energy Efficiency was Inaugurated in Fe\u0219teli\u021ba with the Support of the EU"}]},{"@type":"WebSite","@id":"https:\/\/www.zdg.md\/en\/#website","url":"https:\/\/www.zdg.md\/en\/","name":"Ziarul de Gard\u0103","description":"The only investigative newspaper in the Republic of Moldova","publisher":{"@id":"https:\/\/www.zdg.md\/en\/#organization"},"potentialAction":[{"@type":"SearchAction","target":{"@type":"EntryPoint","urlTemplate":"https:\/\/www.zdg.md\/en\/?s={search_term_string}"},"query-input":{"@type":"PropertyValueSpecification","valueRequired":true,"valueName":"search_term_string"}}],"inLanguage":"en-US"},{"@type":"Organization","@id":"https:\/\/www.zdg.md\/en\/#organization","name":"Ziarul de Gard\u0103","url":"https:\/\/www.zdg.md\/en\/","logo":{"@type":"ImageObject","inLanguage":"en-US","@id":"https:\/\/www.zdg.md\/en\/#\/schema\/logo\/image\/","url":"https:\/\/www.zdg.md\/en\/wp-content\/uploads\/2025\/01\/logo-footer-1.svg","contentUrl":"https:\/\/www.zdg.md\/en\/wp-content\/uploads\/2025\/01\/logo-footer-1.svg","width":124,"height":71,"caption":"Ziarul de Gard\u0103"},"image":{"@id":"https:\/\/www.zdg.md\/en\/#\/schema\/logo\/image\/"},"sameAs":["https:\/\/www.facebook.com\/zdg.md","https:\/\/x.com\/ZiarulDe"]},{"@type":"Person","@id":"https:\/\/www.zdg.md\/en\/#\/schema\/person\/d623cbc9e196fec78044598c7c770cc9","name":"Cristina Carmanu","image":{"@type":"ImageObject","inLanguage":"en-US","@id":"https:\/\/www.zdg.md\/en\/#\/schema\/person\/image\/","url":"https:\/\/secure.gravatar.com\/avatar\/8d452f3d4bfb8e58e461d22691afcc6e?s=96&d=mm&r=g","contentUrl":"https:\/\/secure.gravatar.com\/avatar\/8d452f3d4bfb8e58e461d22691afcc6e?s=96&d=mm&r=g","caption":"Cristina Carmanu"},"url":"https:\/\/www.zdg.md\/en\/author\/cristina\/"}]}},"_links":{"self":[{"href":"https:\/\/www.zdg.md\/en\/wp-json\/wp\/v2\/posts\/8373","targetHints":{"allow":["GET"]}}],"collection":[{"href":"https:\/\/www.zdg.md\/en\/wp-json\/wp\/v2\/posts"}],"about":[{"href":"https:\/\/www.zdg.md\/en\/wp-json\/wp\/v2\/types\/post"}],"author":[{"embeddable":true,"href":"https:\/\/www.zdg.md\/en\/wp-json\/wp\/v2\/users\/9"}],"replies":[{"embeddable":true,"href":"https:\/\/www.zdg.md\/en\/wp-json\/wp\/v2\/comments?post=8373"}],"version-history":[{"count":0,"href":"https:\/\/www.zdg.md\/en\/wp-json\/wp\/v2\/posts\/8373\/revisions"}],"wp:featuredmedia":[{"embeddable":true,"href":"https:\/\/www.zdg.md\/en\/wp-json\/wp\/v2\/media\/8374"}],"wp:attachment":[{"href":"https:\/\/www.zdg.md\/en\/wp-json\/wp\/v2\/media?parent=8373"}],"wp:term":[{"taxonomy":"category","embeddable":true,"href":"https:\/\/www.zdg.md\/en\/wp-json\/wp\/v2\/categories?post=8373"},{"taxonomy":"post_tag","embeddable":true,"href":"https:\/\/www.zdg.md\/en\/wp-json\/wp\/v2\/tags?post=8373"},{"taxonomy":"autor","embeddable":true,"href":"https:\/\/www.zdg.md\/en\/wp-json\/wp\/v2\/autor?post=8373"}],"curies":[{"name":"wp","href":"https:\/\/api.w.org\/{rel}","templated":true}]}}