{"id":6916,"date":"2021-04-19T17:02:02","date_gmt":"2021-04-19T14:02:02","guid":{"rendered":"https:\/\/www.zdg.md\/en\/?p=6916"},"modified":"2021-04-19T17:02:03","modified_gmt":"2021-04-19T14:02:03","slug":"the-president-of-the-moldovas-parliaments-appeal-to-strasbourg-is-a-disgrace","status":"publish","type":"post","link":"https:\/\/www.zdg.md\/en\/the-president-of-the-moldovas-parliaments-appeal-to-strasbourg-is-a-disgrace\/","title":{"rendered":"The President of the Moldova\u2019s Parliament\u2019s Appeal to Strasbourg is a Disgrace"},"content":{"rendered":"\n<p>On April 1, 2021, Zinaida Grecean\u00eei, the President of Moldova\u2019s Parliament appealed to the Council of Europe. The Head of the Parliament complained that the Presidency would not consider the preference of the current legislature to vote for a new Government and would campaign for unmotivated snap elections. She called on the European authority to intervene in <em>\u201crestoring the rule of law and getting the country&#8217;s President back to constitutionalism.\u201d<\/em><\/p>\n\n\n\n<p>The Council of Europe responded to the letter the other day. The Parliament also published a press release, <a href=\"https:\/\/multimedia.parlament.md\/presedintele-parlamentului-zinaida-greceanii-a-primit-raspunsul-secretarului-general-al-consiliului-europei-si-il-va-remite-curtii-constitutionale\/\"><strong>in which it does not quote directly the Council of Europe, but repeatedly quotes Zinaida Grecean\u00eei<\/strong><\/a>. The Moldovan official appears at the end of the article in a silent video, in which she is moving her lips and gesticulating while looking at a telephone with the handset on the hook. According to the communiqu\u00e9, in this video she is allegedly talking to Marija Pej\u010dinovi\u0107 Buri\u0107, the Secretary General of the Council of Europe, motivating how dangerous early elections are for Moldova. We might have believed it if we could at least hear her voice if we had understood who she was talking to, and in what language, if we had heard the voice of the interlocutor. Otherwise, we have to question this until supporting evidence is displayed.<\/p>\n\n\n\n<p>Strasbourg has one more answer for the Parliament in Chi\u0219in\u0103u: <strong>the GRECO report on the assessment of corruption in the member states of the Council of Europe.<\/strong> Moldova&#8217;s position in this report is a disgrace. The report presents the progress in fulfilling the commitments the Moldovan authorities took on to ensure the fight against corruption in legislation, justice, and prosecution.<\/p>\n\n\n\n<p>According to the report, out of 18 recommendations for the Moldovan authorities, only four were fully implemented, 10 were partially implemented, and another four were not implemented at all.<\/p>\n\n\n\n<p>It is worth pointing out that Parliament failed to implement almost all of the four recommendations on combating corruption. Of the three authorities covered by the GRECO report, the parliament implemented only 16.7% of the recommendations and 50% were not implemented at all. The judiciary implemented 28% of the recommendations in full and 71% in part, and the prosecution system has 22% unimplemented recommendations.<\/p>\n\n\n\n<p>The appeal of the president of a corrupt parliament is most inappropriate given that this parliament has fulfilled only 16% of the anti-corruption recommendations offered by GRECO and the Council of Europe. They dared to tell those in Strasbourg that there is no urgency to dissolve the Parliament when, in fact, it should be dissolved immediately. At least, on the grounds that it failed to fulfill international commitments, particularly, the fight against corruption. Do Zinaida Grecean\u00eei and most of her compromised people actually expect to receive international support in a case that reveals inefficiency in the area of integrity?<\/p>\n\n\n\n<p>Here are several of the GRECO recommendations for the Parliament in Chi\u0219in\u0103u:&nbsp;<\/p>\n\n\n\n<ul class=\"wp-block-list\"><li>ensuring that all draft laws are subject to appropriate public consultations and parliamentary debate;&nbsp;<\/li><li>adoption of a deputy\u2019s code of conduct, with integrity standards, and its public presentation; approving deputies\u2019 activity norms that would regulate the interference and influence of third parties on them;<\/li><li>the National Integrity Council to ensure effective control regarding conflicts of interest and incompatibilities of deputies;<\/li><li>&nbsp;ensuring measures to lift parliamentary immunity so that procedures do not impede the conduct of criminal investigations.<\/li><\/ul>\n\n\n\n<p>Which of these has been resolved? The Moldovan citizens will probably decide in the coming early elections.<\/p>\n\n\n\n<figure class=\"wp-block-image\"><img decoding=\"async\" src=\"https:\/\/lh5.googleusercontent.com\/gXKTfgfqBd1kG3ksKUcKrEwzTwpP8Dca1VKNYhXwNidWCCvIkqEBeNU0v3gUQGZDoK8RJNcHzVJXneMFNCaJcYwwJdRbJuq9UHiBSaIvojNCbBfPcdGduexJuKRfn-E9HZ8-Jgg\" alt=\"\"\/><\/figure>\n","protected":false},"excerpt":{"rendered":"<p>On April 1, 2021, Zinaida Grecean\u00eei, the President of Moldova\u2019s Parliament appealed to the Council of Europe. The Head of the Parliament complained that the Presidency would not consider the preference of the current legislature to vote for a new Government and would campaign for unmotivated snap elections. She called on the European authority to&#8230;<\/p>\n","protected":false},"author":9,"featured_media":6261,"comment_status":"open","ping_status":"open","sticky":true,"template":"","format":"standard","meta":{"_acf_changed":false,"inline_featured_image":false,"footnotes":""},"categories":[18,7,284,14,10,15,4,21,5],"tags":[524,138,48,100],"autor":[24],"class_list":["post-6916","post","type-post","status-publish","format-standard","has-post-thumbnail","hentry","category-about-moldova","category-editorial","category-foreign-affairs","category-moldova-explained","category-news","category-opinion","category-political","category-recomended","category-society","tag-councilofeurope","tag-editorial","tag-moldova","tag-parliament","autor-alina-radu"],"acf":[],"yoast_head":"<!-- This site is optimized with the Yoast SEO plugin v24.3 - https:\/\/yoast.com\/wordpress\/plugins\/seo\/ -->\n<title>The President of the Moldova\u2019s Parliament\u2019s Appeal to Strasbourg is a Disgrace - Ziarul de Gard\u0103<\/title>\n<meta name=\"robots\" content=\"index, follow, max-snippet:-1, max-image-preview:large, max-video-preview:-1\" \/>\n<link rel=\"canonical\" href=\"https:\/\/www.zdg.md\/en\/the-president-of-the-moldovas-parliaments-appeal-to-strasbourg-is-a-disgrace\/\" \/>\n<meta property=\"og:locale\" content=\"en_US\" \/>\n<meta property=\"og:type\" content=\"article\" \/>\n<meta property=\"og:title\" content=\"The President of the Moldova\u2019s Parliament\u2019s Appeal to Strasbourg is a Disgrace - Ziarul de Gard\u0103\" \/>\n<meta property=\"og:description\" content=\"On April 1, 2021, Zinaida Grecean\u00eei, the President of Moldova\u2019s Parliament appealed to the Council of Europe. The Head of the Parliament complained that the Presidency would not consider the preference of the current legislature to vote for a new Government and would campaign for unmotivated snap elections. She called on the European authority to...\" \/>\n<meta property=\"og:url\" content=\"https:\/\/www.zdg.md\/en\/the-president-of-the-moldovas-parliaments-appeal-to-strasbourg-is-a-disgrace\/\" \/>\n<meta property=\"og:site_name\" content=\"Ziarul de Gard\u0103\" \/>\n<meta property=\"article:publisher\" content=\"https:\/\/www.facebook.com\/zdg.md\" \/>\n<meta property=\"article:published_time\" content=\"2021-04-19T14:02:02+00:00\" \/>\n<meta property=\"article:modified_time\" content=\"2021-04-19T14:02:03+00:00\" \/>\n<meta property=\"og:image\" content=\"https:\/\/www.zdg.md\/en\/wp-content\/uploads\/2021\/02\/775-EDITORIAL-ALINA-RADU-EN-1920x1020-c-default.jpg\" \/>\n\t<meta property=\"og:image:width\" content=\"1920\" \/>\n\t<meta property=\"og:image:height\" content=\"1020\" \/>\n\t<meta property=\"og:image:type\" content=\"image\/jpeg\" \/>\n<meta name=\"author\" content=\"Cristina Carmanu\" \/>\n<meta name=\"twitter:card\" content=\"summary_large_image\" \/>\n<meta name=\"twitter:creator\" content=\"@ZiarulDe\" \/>\n<meta name=\"twitter:site\" content=\"@ZiarulDe\" \/>\n<meta name=\"twitter:label1\" content=\"Written by\" \/>\n\t<meta name=\"twitter:data1\" content=\"Cristina Carmanu\" \/>\n\t<meta name=\"twitter:label2\" content=\"Est. reading time\" \/>\n\t<meta name=\"twitter:data2\" content=\"3 minutes\" \/>\n<script type=\"application\/ld+json\" class=\"yoast-schema-graph\">{\"@context\":\"https:\/\/schema.org\",\"@graph\":[{\"@type\":\"Article\",\"@id\":\"https:\/\/www.zdg.md\/en\/the-president-of-the-moldovas-parliaments-appeal-to-strasbourg-is-a-disgrace\/#article\",\"isPartOf\":{\"@id\":\"https:\/\/www.zdg.md\/en\/the-president-of-the-moldovas-parliaments-appeal-to-strasbourg-is-a-disgrace\/\"},\"author\":{\"name\":\"Cristina Carmanu\",\"@id\":\"https:\/\/www.zdg.md\/en\/#\/schema\/person\/d623cbc9e196fec78044598c7c770cc9\"},\"headline\":\"The President of the Moldova\u2019s Parliament\u2019s Appeal to Strasbourg is a Disgrace\",\"datePublished\":\"2021-04-19T14:02:02+00:00\",\"dateModified\":\"2021-04-19T14:02:03+00:00\",\"mainEntityOfPage\":{\"@id\":\"https:\/\/www.zdg.md\/en\/the-president-of-the-moldovas-parliaments-appeal-to-strasbourg-is-a-disgrace\/\"},\"wordCount\":592,\"commentCount\":0,\"publisher\":{\"@id\":\"https:\/\/www.zdg.md\/en\/#organization\"},\"image\":{\"@id\":\"https:\/\/www.zdg.md\/en\/the-president-of-the-moldovas-parliaments-appeal-to-strasbourg-is-a-disgrace\/#primaryimage\"},\"thumbnailUrl\":\"https:\/\/www.zdg.md\/en\/wp-content\/uploads\/2021\/02\/775-EDITORIAL-ALINA-RADU-EN-1920x1020-c-default.jpg\",\"keywords\":[\"#CouncilofEurope\",\"#Editorial\",\"#Moldova\",\"#Parliament\"],\"articleSection\":[\"About Moldova\",\"Editorial\",\"Foreign Affairs\",\"Moldova Explained\",\"News\",\"Opinion\",\"Political\",\"Recomended\",\"Society\"],\"inLanguage\":\"en-US\",\"potentialAction\":[{\"@type\":\"CommentAction\",\"name\":\"Comment\",\"target\":[\"https:\/\/www.zdg.md\/en\/the-president-of-the-moldovas-parliaments-appeal-to-strasbourg-is-a-disgrace\/#respond\"]}]},{\"@type\":\"WebPage\",\"@id\":\"https:\/\/www.zdg.md\/en\/the-president-of-the-moldovas-parliaments-appeal-to-strasbourg-is-a-disgrace\/\",\"url\":\"https:\/\/www.zdg.md\/en\/the-president-of-the-moldovas-parliaments-appeal-to-strasbourg-is-a-disgrace\/\",\"name\":\"The President of the Moldova\u2019s Parliament\u2019s Appeal to Strasbourg is a Disgrace - Ziarul de Gard\u0103\",\"isPartOf\":{\"@id\":\"https:\/\/www.zdg.md\/en\/#website\"},\"primaryImageOfPage\":{\"@id\":\"https:\/\/www.zdg.md\/en\/the-president-of-the-moldovas-parliaments-appeal-to-strasbourg-is-a-disgrace\/#primaryimage\"},\"image\":{\"@id\":\"https:\/\/www.zdg.md\/en\/the-president-of-the-moldovas-parliaments-appeal-to-strasbourg-is-a-disgrace\/#primaryimage\"},\"thumbnailUrl\":\"https:\/\/www.zdg.md\/en\/wp-content\/uploads\/2021\/02\/775-EDITORIAL-ALINA-RADU-EN-1920x1020-c-default.jpg\",\"datePublished\":\"2021-04-19T14:02:02+00:00\",\"dateModified\":\"2021-04-19T14:02:03+00:00\",\"breadcrumb\":{\"@id\":\"https:\/\/www.zdg.md\/en\/the-president-of-the-moldovas-parliaments-appeal-to-strasbourg-is-a-disgrace\/#breadcrumb\"},\"inLanguage\":\"en-US\",\"potentialAction\":[{\"@type\":\"ReadAction\",\"target\":[\"https:\/\/www.zdg.md\/en\/the-president-of-the-moldovas-parliaments-appeal-to-strasbourg-is-a-disgrace\/\"]}]},{\"@type\":\"ImageObject\",\"inLanguage\":\"en-US\",\"@id\":\"https:\/\/www.zdg.md\/en\/the-president-of-the-moldovas-parliaments-appeal-to-strasbourg-is-a-disgrace\/#primaryimage\",\"url\":\"https:\/\/www.zdg.md\/en\/wp-content\/uploads\/2021\/02\/775-EDITORIAL-ALINA-RADU-EN-1920x1020-c-default.jpg\",\"contentUrl\":\"https:\/\/www.zdg.md\/en\/wp-content\/uploads\/2021\/02\/775-EDITORIAL-ALINA-RADU-EN-1920x1020-c-default.jpg\",\"width\":1920,\"height\":1020},{\"@type\":\"BreadcrumbList\",\"@id\":\"https:\/\/www.zdg.md\/en\/the-president-of-the-moldovas-parliaments-appeal-to-strasbourg-is-a-disgrace\/#breadcrumb\",\"itemListElement\":[{\"@type\":\"ListItem\",\"position\":1,\"name\":\"Home\",\"item\":\"https:\/\/www.zdg.md\/en\/\"},{\"@type\":\"ListItem\",\"position\":2,\"name\":\"The President of the Moldova\u2019s Parliament\u2019s Appeal to Strasbourg is a Disgrace\"}]},{\"@type\":\"WebSite\",\"@id\":\"https:\/\/www.zdg.md\/en\/#website\",\"url\":\"https:\/\/www.zdg.md\/en\/\",\"name\":\"Ziarul de Gard\u0103\",\"description\":\"The only investigative newspaper in the Republic of Moldova\",\"publisher\":{\"@id\":\"https:\/\/www.zdg.md\/en\/#organization\"},\"potentialAction\":[{\"@type\":\"SearchAction\",\"target\":{\"@type\":\"EntryPoint\",\"urlTemplate\":\"https:\/\/www.zdg.md\/en\/?s={search_term_string}\"},\"query-input\":{\"@type\":\"PropertyValueSpecification\",\"valueRequired\":true,\"valueName\":\"search_term_string\"}}],\"inLanguage\":\"en-US\"},{\"@type\":\"Organization\",\"@id\":\"https:\/\/www.zdg.md\/en\/#organization\",\"name\":\"Ziarul de Gard\u0103\",\"url\":\"https:\/\/www.zdg.md\/en\/\",\"logo\":{\"@type\":\"ImageObject\",\"inLanguage\":\"en-US\",\"@id\":\"https:\/\/www.zdg.md\/en\/#\/schema\/logo\/image\/\",\"url\":\"https:\/\/www.zdg.md\/en\/wp-content\/uploads\/2025\/01\/logo-footer-1.svg\",\"contentUrl\":\"https:\/\/www.zdg.md\/en\/wp-content\/uploads\/2025\/01\/logo-footer-1.svg\",\"width\":124,\"height\":71,\"caption\":\"Ziarul de Gard\u0103\"},\"image\":{\"@id\":\"https:\/\/www.zdg.md\/en\/#\/schema\/logo\/image\/\"},\"sameAs\":[\"https:\/\/www.facebook.com\/zdg.md\",\"https:\/\/x.com\/ZiarulDe\"]},{\"@type\":\"Person\",\"@id\":\"https:\/\/www.zdg.md\/en\/#\/schema\/person\/d623cbc9e196fec78044598c7c770cc9\",\"name\":\"Cristina Carmanu\",\"image\":{\"@type\":\"ImageObject\",\"inLanguage\":\"en-US\",\"@id\":\"https:\/\/www.zdg.md\/en\/#\/schema\/person\/image\/\",\"url\":\"https:\/\/secure.gravatar.com\/avatar\/8d452f3d4bfb8e58e461d22691afcc6e?s=96&d=mm&r=g\",\"contentUrl\":\"https:\/\/secure.gravatar.com\/avatar\/8d452f3d4bfb8e58e461d22691afcc6e?s=96&d=mm&r=g\",\"caption\":\"Cristina Carmanu\"},\"url\":\"https:\/\/www.zdg.md\/en\/author\/cristina\/\"}]}<\/script>\n<!-- \/ Yoast SEO plugin. -->","yoast_head_json":{"title":"The President of the Moldova\u2019s Parliament\u2019s Appeal to Strasbourg is a Disgrace - Ziarul de Gard\u0103","robots":{"index":"index","follow":"follow","max-snippet":"max-snippet:-1","max-image-preview":"max-image-preview:large","max-video-preview":"max-video-preview:-1"},"canonical":"https:\/\/www.zdg.md\/en\/the-president-of-the-moldovas-parliaments-appeal-to-strasbourg-is-a-disgrace\/","og_locale":"en_US","og_type":"article","og_title":"The President of the Moldova\u2019s Parliament\u2019s Appeal to Strasbourg is a Disgrace - Ziarul de Gard\u0103","og_description":"On April 1, 2021, Zinaida Grecean\u00eei, the President of Moldova\u2019s Parliament appealed to the Council of Europe. The Head of the Parliament complained that the Presidency would not consider the preference of the current legislature to vote for a new Government and would campaign for unmotivated snap elections. She called on the European authority to...","og_url":"https:\/\/www.zdg.md\/en\/the-president-of-the-moldovas-parliaments-appeal-to-strasbourg-is-a-disgrace\/","og_site_name":"Ziarul de Gard\u0103","article_publisher":"https:\/\/www.facebook.com\/zdg.md","article_published_time":"2021-04-19T14:02:02+00:00","article_modified_time":"2021-04-19T14:02:03+00:00","og_image":[{"width":1920,"height":1020,"url":"https:\/\/www.zdg.md\/en\/wp-content\/uploads\/2021\/02\/775-EDITORIAL-ALINA-RADU-EN-1920x1020-c-default.jpg","type":"image\/jpeg"}],"author":"Cristina Carmanu","twitter_card":"summary_large_image","twitter_creator":"@ZiarulDe","twitter_site":"@ZiarulDe","twitter_misc":{"Written by":"Cristina Carmanu","Est. reading time":"3 minutes"},"schema":{"@context":"https:\/\/schema.org","@graph":[{"@type":"Article","@id":"https:\/\/www.zdg.md\/en\/the-president-of-the-moldovas-parliaments-appeal-to-strasbourg-is-a-disgrace\/#article","isPartOf":{"@id":"https:\/\/www.zdg.md\/en\/the-president-of-the-moldovas-parliaments-appeal-to-strasbourg-is-a-disgrace\/"},"author":{"name":"Cristina Carmanu","@id":"https:\/\/www.zdg.md\/en\/#\/schema\/person\/d623cbc9e196fec78044598c7c770cc9"},"headline":"The President of the Moldova\u2019s Parliament\u2019s Appeal to Strasbourg is a Disgrace","datePublished":"2021-04-19T14:02:02+00:00","dateModified":"2021-04-19T14:02:03+00:00","mainEntityOfPage":{"@id":"https:\/\/www.zdg.md\/en\/the-president-of-the-moldovas-parliaments-appeal-to-strasbourg-is-a-disgrace\/"},"wordCount":592,"commentCount":0,"publisher":{"@id":"https:\/\/www.zdg.md\/en\/#organization"},"image":{"@id":"https:\/\/www.zdg.md\/en\/the-president-of-the-moldovas-parliaments-appeal-to-strasbourg-is-a-disgrace\/#primaryimage"},"thumbnailUrl":"https:\/\/www.zdg.md\/en\/wp-content\/uploads\/2021\/02\/775-EDITORIAL-ALINA-RADU-EN-1920x1020-c-default.jpg","keywords":["#CouncilofEurope","#Editorial","#Moldova","#Parliament"],"articleSection":["About Moldova","Editorial","Foreign Affairs","Moldova Explained","News","Opinion","Political","Recomended","Society"],"inLanguage":"en-US","potentialAction":[{"@type":"CommentAction","name":"Comment","target":["https:\/\/www.zdg.md\/en\/the-president-of-the-moldovas-parliaments-appeal-to-strasbourg-is-a-disgrace\/#respond"]}]},{"@type":"WebPage","@id":"https:\/\/www.zdg.md\/en\/the-president-of-the-moldovas-parliaments-appeal-to-strasbourg-is-a-disgrace\/","url":"https:\/\/www.zdg.md\/en\/the-president-of-the-moldovas-parliaments-appeal-to-strasbourg-is-a-disgrace\/","name":"The President of the Moldova\u2019s Parliament\u2019s Appeal to Strasbourg is a Disgrace - Ziarul de Gard\u0103","isPartOf":{"@id":"https:\/\/www.zdg.md\/en\/#website"},"primaryImageOfPage":{"@id":"https:\/\/www.zdg.md\/en\/the-president-of-the-moldovas-parliaments-appeal-to-strasbourg-is-a-disgrace\/#primaryimage"},"image":{"@id":"https:\/\/www.zdg.md\/en\/the-president-of-the-moldovas-parliaments-appeal-to-strasbourg-is-a-disgrace\/#primaryimage"},"thumbnailUrl":"https:\/\/www.zdg.md\/en\/wp-content\/uploads\/2021\/02\/775-EDITORIAL-ALINA-RADU-EN-1920x1020-c-default.jpg","datePublished":"2021-04-19T14:02:02+00:00","dateModified":"2021-04-19T14:02:03+00:00","breadcrumb":{"@id":"https:\/\/www.zdg.md\/en\/the-president-of-the-moldovas-parliaments-appeal-to-strasbourg-is-a-disgrace\/#breadcrumb"},"inLanguage":"en-US","potentialAction":[{"@type":"ReadAction","target":["https:\/\/www.zdg.md\/en\/the-president-of-the-moldovas-parliaments-appeal-to-strasbourg-is-a-disgrace\/"]}]},{"@type":"ImageObject","inLanguage":"en-US","@id":"https:\/\/www.zdg.md\/en\/the-president-of-the-moldovas-parliaments-appeal-to-strasbourg-is-a-disgrace\/#primaryimage","url":"https:\/\/www.zdg.md\/en\/wp-content\/uploads\/2021\/02\/775-EDITORIAL-ALINA-RADU-EN-1920x1020-c-default.jpg","contentUrl":"https:\/\/www.zdg.md\/en\/wp-content\/uploads\/2021\/02\/775-EDITORIAL-ALINA-RADU-EN-1920x1020-c-default.jpg","width":1920,"height":1020},{"@type":"BreadcrumbList","@id":"https:\/\/www.zdg.md\/en\/the-president-of-the-moldovas-parliaments-appeal-to-strasbourg-is-a-disgrace\/#breadcrumb","itemListElement":[{"@type":"ListItem","position":1,"name":"Home","item":"https:\/\/www.zdg.md\/en\/"},{"@type":"ListItem","position":2,"name":"The President of the Moldova\u2019s Parliament\u2019s Appeal to Strasbourg is a Disgrace"}]},{"@type":"WebSite","@id":"https:\/\/www.zdg.md\/en\/#website","url":"https:\/\/www.zdg.md\/en\/","name":"Ziarul de Gard\u0103","description":"The only investigative newspaper in the Republic of Moldova","publisher":{"@id":"https:\/\/www.zdg.md\/en\/#organization"},"potentialAction":[{"@type":"SearchAction","target":{"@type":"EntryPoint","urlTemplate":"https:\/\/www.zdg.md\/en\/?s={search_term_string}"},"query-input":{"@type":"PropertyValueSpecification","valueRequired":true,"valueName":"search_term_string"}}],"inLanguage":"en-US"},{"@type":"Organization","@id":"https:\/\/www.zdg.md\/en\/#organization","name":"Ziarul de Gard\u0103","url":"https:\/\/www.zdg.md\/en\/","logo":{"@type":"ImageObject","inLanguage":"en-US","@id":"https:\/\/www.zdg.md\/en\/#\/schema\/logo\/image\/","url":"https:\/\/www.zdg.md\/en\/wp-content\/uploads\/2025\/01\/logo-footer-1.svg","contentUrl":"https:\/\/www.zdg.md\/en\/wp-content\/uploads\/2025\/01\/logo-footer-1.svg","width":124,"height":71,"caption":"Ziarul de Gard\u0103"},"image":{"@id":"https:\/\/www.zdg.md\/en\/#\/schema\/logo\/image\/"},"sameAs":["https:\/\/www.facebook.com\/zdg.md","https:\/\/x.com\/ZiarulDe"]},{"@type":"Person","@id":"https:\/\/www.zdg.md\/en\/#\/schema\/person\/d623cbc9e196fec78044598c7c770cc9","name":"Cristina Carmanu","image":{"@type":"ImageObject","inLanguage":"en-US","@id":"https:\/\/www.zdg.md\/en\/#\/schema\/person\/image\/","url":"https:\/\/secure.gravatar.com\/avatar\/8d452f3d4bfb8e58e461d22691afcc6e?s=96&d=mm&r=g","contentUrl":"https:\/\/secure.gravatar.com\/avatar\/8d452f3d4bfb8e58e461d22691afcc6e?s=96&d=mm&r=g","caption":"Cristina Carmanu"},"url":"https:\/\/www.zdg.md\/en\/author\/cristina\/"}]}},"_links":{"self":[{"href":"https:\/\/www.zdg.md\/en\/wp-json\/wp\/v2\/posts\/6916","targetHints":{"allow":["GET"]}}],"collection":[{"href":"https:\/\/www.zdg.md\/en\/wp-json\/wp\/v2\/posts"}],"about":[{"href":"https:\/\/www.zdg.md\/en\/wp-json\/wp\/v2\/types\/post"}],"author":[{"embeddable":true,"href":"https:\/\/www.zdg.md\/en\/wp-json\/wp\/v2\/users\/9"}],"replies":[{"embeddable":true,"href":"https:\/\/www.zdg.md\/en\/wp-json\/wp\/v2\/comments?post=6916"}],"version-history":[{"count":0,"href":"https:\/\/www.zdg.md\/en\/wp-json\/wp\/v2\/posts\/6916\/revisions"}],"wp:featuredmedia":[{"embeddable":true,"href":"https:\/\/www.zdg.md\/en\/wp-json\/wp\/v2\/media\/6261"}],"wp:attachment":[{"href":"https:\/\/www.zdg.md\/en\/wp-json\/wp\/v2\/media?parent=6916"}],"wp:term":[{"taxonomy":"category","embeddable":true,"href":"https:\/\/www.zdg.md\/en\/wp-json\/wp\/v2\/categories?post=6916"},{"taxonomy":"post_tag","embeddable":true,"href":"https:\/\/www.zdg.md\/en\/wp-json\/wp\/v2\/tags?post=6916"},{"taxonomy":"autor","embeddable":true,"href":"https:\/\/www.zdg.md\/en\/wp-json\/wp\/v2\/autor?post=6916"}],"curies":[{"name":"wp","href":"https:\/\/api.w.org\/{rel}","templated":true}]}}