{"id":6877,"date":"2021-04-14T15:26:51","date_gmt":"2021-04-14T12:26:51","guid":{"rendered":"https:\/\/www.zdg.md\/en\/?p=6877"},"modified":"2021-04-14T15:26:51","modified_gmt":"2021-04-14T12:26:51","slug":"president-sandu-to-participate-at-the-pace-spring-session","status":"publish","type":"post","link":"https:\/\/www.zdg.md\/en\/president-sandu-to-participate-at-the-pace-spring-session\/","title":{"rendered":"President Sandu To Participate at the PACE Spring Session"},"content":{"rendered":"\n<div class=\"wp-block-advanced-gutenberg-blocks-intro\"><p class=\"wp-block-advanced-gutenberg-blocks-intro__content\">President Maia Sandu will participate in the spring session of the Parliamentary Assembly of the Council of Europe and will speak on the Session&#8217;s first day and answer participants&#8217; questions. The session will take place between April 19 and 22 in a hybrid format.<\/p><\/div>\n\n\n\n<p>President Sandu said on Tuesday that next week she will go to Strasbourg to participate in the spring session of the Parliamentary Assembly of the Council of Europe during which she will give a speech on Moldova. Maia Sandu mentioned that she will also have a meeting in Strasbourg with the members of the Venice Commission and with representatives of other important institutions.<\/p>\n\n\n\n<blockquote class=\"wp-block-quote is-layout-flow wp-block-quote-is-layout-flow\"><p>&#8220;Next week I will be in Strasbourg, I will go to the Council of Europe and I will have a speech about Moldova at the Assembly of the Council of Europe. I will also have a meeting with the Venice Commission and other important institutions, including the action plan for human rights in Moldova. Visits are important so that we can get help and that&#8217;s what I proved in the first months. The visits I had in the first months resulted in concrete help. We will start long-term projects,&#8221; mentioned Maia Sandu.<\/p><\/blockquote>\n\n\n\n<p>According to a note issued by the Council of Europe, German Chancellor Angela Merkel and Minister of State for Europe Michael Roth will attend the spring session. President Maia Sandu, the President of the European Parliament, David Sassoli, and the Secretary-General of the Organization, Marija Pej\u010dinovi\u0107 Buri\u0107, will also address the participants. During this session, the Commissioner for Human Rights, Dunja Mijatovi\u0107, will present the annual report for 2020, and the Assembly will award the &#8220;V\u00e1clav Havel Human Rights Prize&#8221;.<br><br>The delegation of the Parliament of Moldova participated in the winter session of the Council of Europe. So far, two former presidents of Moldova have participated in sessions in Strasbourg. In January 2020, the former Socialist President Igor Dodon participated in the Council of Europe plenary session where he gave a speech. In 2012, the then President, Nicolaie Timofti, attended the session in Strasbourg. Timofti gave a speech and answered questions from the Council of Europe parliamentarians.<\/p>\n","protected":false},"excerpt":{"rendered":"<p>President Sandu said on Tuesday that next week she will go to Strasbourg to participate in the spring session of the Parliamentary Assembly of the Council of Europe during which she will give a speech on Moldova. Maia Sandu mentioned that she will also have a meeting in Strasbourg with the members of the Venice&#8230;<\/p>\n","protected":false},"author":9,"featured_media":6878,"comment_status":"open","ping_status":"open","sticky":true,"template":"","format":"standard","meta":{"_acf_changed":false,"inline_featured_image":false,"footnotes":""},"categories":[18,6,284,11,14],"tags":[524,70,48,573],"autor":[],"class_list":["post-6877","post","type-post","status-publish","format-standard","has-post-thumbnail","hentry","category-about-moldova","category-exclusive","category-foreign-affairs","category-important","category-moldova-explained","tag-councilofeurope","tag-europeanunion","tag-moldova","tag-presidentmaiasandu"],"acf":[],"yoast_head":"<!-- This site is optimized with the Yoast SEO plugin v24.3 - https:\/\/yoast.com\/wordpress\/plugins\/seo\/ -->\n<title>President Sandu To Participate at the PACE Spring Session - Ziarul de Gard\u0103<\/title>\n<meta name=\"robots\" content=\"index, follow, max-snippet:-1, max-image-preview:large, max-video-preview:-1\" \/>\n<link rel=\"canonical\" href=\"https:\/\/www.zdg.md\/en\/president-sandu-to-participate-at-the-pace-spring-session\/\" \/>\n<meta property=\"og:locale\" content=\"en_US\" \/>\n<meta property=\"og:type\" content=\"article\" \/>\n<meta property=\"og:title\" content=\"President Sandu To Participate at the PACE Spring Session - Ziarul de Gard\u0103\" \/>\n<meta property=\"og:description\" content=\"President Sandu said on Tuesday that next week she will go to Strasbourg to participate in the spring session of the Parliamentary Assembly of the Council of Europe during which she will give a speech on Moldova. Maia Sandu mentioned that she will also have a meeting in Strasbourg with the members of the Venice...\" \/>\n<meta property=\"og:url\" content=\"https:\/\/www.zdg.md\/en\/president-sandu-to-participate-at-the-pace-spring-session\/\" \/>\n<meta property=\"og:site_name\" content=\"Ziarul de Gard\u0103\" \/>\n<meta property=\"article:publisher\" content=\"https:\/\/www.facebook.com\/zdg.md\" \/>\n<meta property=\"article:published_time\" content=\"2021-04-14T12:26:51+00:00\" \/>\n<meta property=\"og:image\" content=\"https:\/\/www.zdg.md\/en\/wp-content\/uploads\/2021\/04\/APCE-1920x1020-c-default.png\" \/>\n\t<meta property=\"og:image:width\" content=\"1920\" \/>\n\t<meta property=\"og:image:height\" content=\"1020\" \/>\n\t<meta property=\"og:image:type\" content=\"image\/png\" \/>\n<meta name=\"author\" content=\"Cristina Carmanu\" \/>\n<meta name=\"twitter:card\" content=\"summary_large_image\" \/>\n<meta name=\"twitter:creator\" content=\"@ZiarulDe\" \/>\n<meta name=\"twitter:site\" content=\"@ZiarulDe\" \/>\n<meta name=\"twitter:label1\" content=\"Written by\" \/>\n\t<meta name=\"twitter:data1\" content=\"Cristina Carmanu\" \/>\n\t<meta name=\"twitter:label2\" content=\"Est. reading time\" \/>\n\t<meta name=\"twitter:data2\" content=\"2 minutes\" \/>\n<script type=\"application\/ld+json\" class=\"yoast-schema-graph\">{\"@context\":\"https:\/\/schema.org\",\"@graph\":[{\"@type\":\"Article\",\"@id\":\"https:\/\/www.zdg.md\/en\/president-sandu-to-participate-at-the-pace-spring-session\/#article\",\"isPartOf\":{\"@id\":\"https:\/\/www.zdg.md\/en\/president-sandu-to-participate-at-the-pace-spring-session\/\"},\"author\":{\"name\":\"Cristina Carmanu\",\"@id\":\"https:\/\/www.zdg.md\/en\/#\/schema\/person\/d623cbc9e196fec78044598c7c770cc9\"},\"headline\":\"President Sandu To Participate at the PACE Spring Session\",\"datePublished\":\"2021-04-14T12:26:51+00:00\",\"dateModified\":\"2021-04-14T12:26:51+00:00\",\"mainEntityOfPage\":{\"@id\":\"https:\/\/www.zdg.md\/en\/president-sandu-to-participate-at-the-pace-spring-session\/\"},\"wordCount\":364,\"commentCount\":0,\"publisher\":{\"@id\":\"https:\/\/www.zdg.md\/en\/#organization\"},\"image\":{\"@id\":\"https:\/\/www.zdg.md\/en\/president-sandu-to-participate-at-the-pace-spring-session\/#primaryimage\"},\"thumbnailUrl\":\"https:\/\/www.zdg.md\/en\/wp-content\/uploads\/2021\/04\/APCE-1920x1020-c-default.png\",\"keywords\":[\"#CouncilofEurope\",\"#EuropeanUnion\",\"#Moldova\",\"#PresidentMaiaSandu\"],\"articleSection\":[\"About Moldova\",\"Exclusive\",\"Foreign Affairs\",\"Important\",\"Moldova Explained\"],\"inLanguage\":\"en-US\",\"potentialAction\":[{\"@type\":\"CommentAction\",\"name\":\"Comment\",\"target\":[\"https:\/\/www.zdg.md\/en\/president-sandu-to-participate-at-the-pace-spring-session\/#respond\"]}]},{\"@type\":\"WebPage\",\"@id\":\"https:\/\/www.zdg.md\/en\/president-sandu-to-participate-at-the-pace-spring-session\/\",\"url\":\"https:\/\/www.zdg.md\/en\/president-sandu-to-participate-at-the-pace-spring-session\/\",\"name\":\"President Sandu To Participate at the PACE Spring Session - Ziarul de Gard\u0103\",\"isPartOf\":{\"@id\":\"https:\/\/www.zdg.md\/en\/#website\"},\"primaryImageOfPage\":{\"@id\":\"https:\/\/www.zdg.md\/en\/president-sandu-to-participate-at-the-pace-spring-session\/#primaryimage\"},\"image\":{\"@id\":\"https:\/\/www.zdg.md\/en\/president-sandu-to-participate-at-the-pace-spring-session\/#primaryimage\"},\"thumbnailUrl\":\"https:\/\/www.zdg.md\/en\/wp-content\/uploads\/2021\/04\/APCE-1920x1020-c-default.png\",\"datePublished\":\"2021-04-14T12:26:51+00:00\",\"dateModified\":\"2021-04-14T12:26:51+00:00\",\"breadcrumb\":{\"@id\":\"https:\/\/www.zdg.md\/en\/president-sandu-to-participate-at-the-pace-spring-session\/#breadcrumb\"},\"inLanguage\":\"en-US\",\"potentialAction\":[{\"@type\":\"ReadAction\",\"target\":[\"https:\/\/www.zdg.md\/en\/president-sandu-to-participate-at-the-pace-spring-session\/\"]}]},{\"@type\":\"ImageObject\",\"inLanguage\":\"en-US\",\"@id\":\"https:\/\/www.zdg.md\/en\/president-sandu-to-participate-at-the-pace-spring-session\/#primaryimage\",\"url\":\"https:\/\/www.zdg.md\/en\/wp-content\/uploads\/2021\/04\/APCE-1920x1020-c-default.png\",\"contentUrl\":\"https:\/\/www.zdg.md\/en\/wp-content\/uploads\/2021\/04\/APCE-1920x1020-c-default.png\",\"width\":1920,\"height\":1020},{\"@type\":\"BreadcrumbList\",\"@id\":\"https:\/\/www.zdg.md\/en\/president-sandu-to-participate-at-the-pace-spring-session\/#breadcrumb\",\"itemListElement\":[{\"@type\":\"ListItem\",\"position\":1,\"name\":\"Home\",\"item\":\"https:\/\/www.zdg.md\/en\/\"},{\"@type\":\"ListItem\",\"position\":2,\"name\":\"President Sandu To Participate at the PACE Spring Session\"}]},{\"@type\":\"WebSite\",\"@id\":\"https:\/\/www.zdg.md\/en\/#website\",\"url\":\"https:\/\/www.zdg.md\/en\/\",\"name\":\"Ziarul de Gard\u0103\",\"description\":\"The only investigative newspaper in the Republic of Moldova\",\"publisher\":{\"@id\":\"https:\/\/www.zdg.md\/en\/#organization\"},\"potentialAction\":[{\"@type\":\"SearchAction\",\"target\":{\"@type\":\"EntryPoint\",\"urlTemplate\":\"https:\/\/www.zdg.md\/en\/?s={search_term_string}\"},\"query-input\":{\"@type\":\"PropertyValueSpecification\",\"valueRequired\":true,\"valueName\":\"search_term_string\"}}],\"inLanguage\":\"en-US\"},{\"@type\":\"Organization\",\"@id\":\"https:\/\/www.zdg.md\/en\/#organization\",\"name\":\"Ziarul de Gard\u0103\",\"url\":\"https:\/\/www.zdg.md\/en\/\",\"logo\":{\"@type\":\"ImageObject\",\"inLanguage\":\"en-US\",\"@id\":\"https:\/\/www.zdg.md\/en\/#\/schema\/logo\/image\/\",\"url\":\"https:\/\/www.zdg.md\/en\/wp-content\/uploads\/2025\/01\/logo-footer-1.svg\",\"contentUrl\":\"https:\/\/www.zdg.md\/en\/wp-content\/uploads\/2025\/01\/logo-footer-1.svg\",\"width\":124,\"height\":71,\"caption\":\"Ziarul de Gard\u0103\"},\"image\":{\"@id\":\"https:\/\/www.zdg.md\/en\/#\/schema\/logo\/image\/\"},\"sameAs\":[\"https:\/\/www.facebook.com\/zdg.md\",\"https:\/\/x.com\/ZiarulDe\"]},{\"@type\":\"Person\",\"@id\":\"https:\/\/www.zdg.md\/en\/#\/schema\/person\/d623cbc9e196fec78044598c7c770cc9\",\"name\":\"Cristina Carmanu\",\"image\":{\"@type\":\"ImageObject\",\"inLanguage\":\"en-US\",\"@id\":\"https:\/\/www.zdg.md\/en\/#\/schema\/person\/image\/\",\"url\":\"https:\/\/secure.gravatar.com\/avatar\/8d452f3d4bfb8e58e461d22691afcc6e?s=96&d=mm&r=g\",\"contentUrl\":\"https:\/\/secure.gravatar.com\/avatar\/8d452f3d4bfb8e58e461d22691afcc6e?s=96&d=mm&r=g\",\"caption\":\"Cristina Carmanu\"},\"url\":\"https:\/\/www.zdg.md\/en\/author\/cristina\/\"}]}<\/script>\n<!-- \/ Yoast SEO plugin. -->","yoast_head_json":{"title":"President Sandu To Participate at the PACE Spring Session - Ziarul de Gard\u0103","robots":{"index":"index","follow":"follow","max-snippet":"max-snippet:-1","max-image-preview":"max-image-preview:large","max-video-preview":"max-video-preview:-1"},"canonical":"https:\/\/www.zdg.md\/en\/president-sandu-to-participate-at-the-pace-spring-session\/","og_locale":"en_US","og_type":"article","og_title":"President Sandu To Participate at the PACE Spring Session - Ziarul de Gard\u0103","og_description":"President Sandu said on Tuesday that next week she will go to Strasbourg to participate in the spring session of the Parliamentary Assembly of the Council of Europe during which she will give a speech on Moldova. Maia Sandu mentioned that she will also have a meeting in Strasbourg with the members of the Venice...","og_url":"https:\/\/www.zdg.md\/en\/president-sandu-to-participate-at-the-pace-spring-session\/","og_site_name":"Ziarul de Gard\u0103","article_publisher":"https:\/\/www.facebook.com\/zdg.md","article_published_time":"2021-04-14T12:26:51+00:00","og_image":[{"width":1920,"height":1020,"url":"https:\/\/www.zdg.md\/en\/wp-content\/uploads\/2021\/04\/APCE-1920x1020-c-default.png","type":"image\/png"}],"author":"Cristina Carmanu","twitter_card":"summary_large_image","twitter_creator":"@ZiarulDe","twitter_site":"@ZiarulDe","twitter_misc":{"Written by":"Cristina Carmanu","Est. reading time":"2 minutes"},"schema":{"@context":"https:\/\/schema.org","@graph":[{"@type":"Article","@id":"https:\/\/www.zdg.md\/en\/president-sandu-to-participate-at-the-pace-spring-session\/#article","isPartOf":{"@id":"https:\/\/www.zdg.md\/en\/president-sandu-to-participate-at-the-pace-spring-session\/"},"author":{"name":"Cristina Carmanu","@id":"https:\/\/www.zdg.md\/en\/#\/schema\/person\/d623cbc9e196fec78044598c7c770cc9"},"headline":"President Sandu To Participate at the PACE Spring Session","datePublished":"2021-04-14T12:26:51+00:00","dateModified":"2021-04-14T12:26:51+00:00","mainEntityOfPage":{"@id":"https:\/\/www.zdg.md\/en\/president-sandu-to-participate-at-the-pace-spring-session\/"},"wordCount":364,"commentCount":0,"publisher":{"@id":"https:\/\/www.zdg.md\/en\/#organization"},"image":{"@id":"https:\/\/www.zdg.md\/en\/president-sandu-to-participate-at-the-pace-spring-session\/#primaryimage"},"thumbnailUrl":"https:\/\/www.zdg.md\/en\/wp-content\/uploads\/2021\/04\/APCE-1920x1020-c-default.png","keywords":["#CouncilofEurope","#EuropeanUnion","#Moldova","#PresidentMaiaSandu"],"articleSection":["About Moldova","Exclusive","Foreign Affairs","Important","Moldova Explained"],"inLanguage":"en-US","potentialAction":[{"@type":"CommentAction","name":"Comment","target":["https:\/\/www.zdg.md\/en\/president-sandu-to-participate-at-the-pace-spring-session\/#respond"]}]},{"@type":"WebPage","@id":"https:\/\/www.zdg.md\/en\/president-sandu-to-participate-at-the-pace-spring-session\/","url":"https:\/\/www.zdg.md\/en\/president-sandu-to-participate-at-the-pace-spring-session\/","name":"President Sandu To Participate at the PACE Spring Session - Ziarul de Gard\u0103","isPartOf":{"@id":"https:\/\/www.zdg.md\/en\/#website"},"primaryImageOfPage":{"@id":"https:\/\/www.zdg.md\/en\/president-sandu-to-participate-at-the-pace-spring-session\/#primaryimage"},"image":{"@id":"https:\/\/www.zdg.md\/en\/president-sandu-to-participate-at-the-pace-spring-session\/#primaryimage"},"thumbnailUrl":"https:\/\/www.zdg.md\/en\/wp-content\/uploads\/2021\/04\/APCE-1920x1020-c-default.png","datePublished":"2021-04-14T12:26:51+00:00","dateModified":"2021-04-14T12:26:51+00:00","breadcrumb":{"@id":"https:\/\/www.zdg.md\/en\/president-sandu-to-participate-at-the-pace-spring-session\/#breadcrumb"},"inLanguage":"en-US","potentialAction":[{"@type":"ReadAction","target":["https:\/\/www.zdg.md\/en\/president-sandu-to-participate-at-the-pace-spring-session\/"]}]},{"@type":"ImageObject","inLanguage":"en-US","@id":"https:\/\/www.zdg.md\/en\/president-sandu-to-participate-at-the-pace-spring-session\/#primaryimage","url":"https:\/\/www.zdg.md\/en\/wp-content\/uploads\/2021\/04\/APCE-1920x1020-c-default.png","contentUrl":"https:\/\/www.zdg.md\/en\/wp-content\/uploads\/2021\/04\/APCE-1920x1020-c-default.png","width":1920,"height":1020},{"@type":"BreadcrumbList","@id":"https:\/\/www.zdg.md\/en\/president-sandu-to-participate-at-the-pace-spring-session\/#breadcrumb","itemListElement":[{"@type":"ListItem","position":1,"name":"Home","item":"https:\/\/www.zdg.md\/en\/"},{"@type":"ListItem","position":2,"name":"President Sandu To Participate at the PACE Spring Session"}]},{"@type":"WebSite","@id":"https:\/\/www.zdg.md\/en\/#website","url":"https:\/\/www.zdg.md\/en\/","name":"Ziarul de Gard\u0103","description":"The only investigative newspaper in the Republic of Moldova","publisher":{"@id":"https:\/\/www.zdg.md\/en\/#organization"},"potentialAction":[{"@type":"SearchAction","target":{"@type":"EntryPoint","urlTemplate":"https:\/\/www.zdg.md\/en\/?s={search_term_string}"},"query-input":{"@type":"PropertyValueSpecification","valueRequired":true,"valueName":"search_term_string"}}],"inLanguage":"en-US"},{"@type":"Organization","@id":"https:\/\/www.zdg.md\/en\/#organization","name":"Ziarul de Gard\u0103","url":"https:\/\/www.zdg.md\/en\/","logo":{"@type":"ImageObject","inLanguage":"en-US","@id":"https:\/\/www.zdg.md\/en\/#\/schema\/logo\/image\/","url":"https:\/\/www.zdg.md\/en\/wp-content\/uploads\/2025\/01\/logo-footer-1.svg","contentUrl":"https:\/\/www.zdg.md\/en\/wp-content\/uploads\/2025\/01\/logo-footer-1.svg","width":124,"height":71,"caption":"Ziarul de Gard\u0103"},"image":{"@id":"https:\/\/www.zdg.md\/en\/#\/schema\/logo\/image\/"},"sameAs":["https:\/\/www.facebook.com\/zdg.md","https:\/\/x.com\/ZiarulDe"]},{"@type":"Person","@id":"https:\/\/www.zdg.md\/en\/#\/schema\/person\/d623cbc9e196fec78044598c7c770cc9","name":"Cristina Carmanu","image":{"@type":"ImageObject","inLanguage":"en-US","@id":"https:\/\/www.zdg.md\/en\/#\/schema\/person\/image\/","url":"https:\/\/secure.gravatar.com\/avatar\/8d452f3d4bfb8e58e461d22691afcc6e?s=96&d=mm&r=g","contentUrl":"https:\/\/secure.gravatar.com\/avatar\/8d452f3d4bfb8e58e461d22691afcc6e?s=96&d=mm&r=g","caption":"Cristina Carmanu"},"url":"https:\/\/www.zdg.md\/en\/author\/cristina\/"}]}},"_links":{"self":[{"href":"https:\/\/www.zdg.md\/en\/wp-json\/wp\/v2\/posts\/6877","targetHints":{"allow":["GET"]}}],"collection":[{"href":"https:\/\/www.zdg.md\/en\/wp-json\/wp\/v2\/posts"}],"about":[{"href":"https:\/\/www.zdg.md\/en\/wp-json\/wp\/v2\/types\/post"}],"author":[{"embeddable":true,"href":"https:\/\/www.zdg.md\/en\/wp-json\/wp\/v2\/users\/9"}],"replies":[{"embeddable":true,"href":"https:\/\/www.zdg.md\/en\/wp-json\/wp\/v2\/comments?post=6877"}],"version-history":[{"count":0,"href":"https:\/\/www.zdg.md\/en\/wp-json\/wp\/v2\/posts\/6877\/revisions"}],"wp:featuredmedia":[{"embeddable":true,"href":"https:\/\/www.zdg.md\/en\/wp-json\/wp\/v2\/media\/6878"}],"wp:attachment":[{"href":"https:\/\/www.zdg.md\/en\/wp-json\/wp\/v2\/media?parent=6877"}],"wp:term":[{"taxonomy":"category","embeddable":true,"href":"https:\/\/www.zdg.md\/en\/wp-json\/wp\/v2\/categories?post=6877"},{"taxonomy":"post_tag","embeddable":true,"href":"https:\/\/www.zdg.md\/en\/wp-json\/wp\/v2\/tags?post=6877"},{"taxonomy":"autor","embeddable":true,"href":"https:\/\/www.zdg.md\/en\/wp-json\/wp\/v2\/autor?post=6877"}],"curies":[{"name":"wp","href":"https:\/\/api.w.org\/{rel}","templated":true}]}}