{"id":5337,"date":"2020-10-03T20:25:00","date_gmt":"2020-10-03T17:25:00","guid":{"rendered":"https:\/\/zdg.md\/en\/?p=5337"},"modified":"2020-10-08T11:33:31","modified_gmt":"2020-10-08T08:33:31","slug":"the-moldovan-church-vs-covid-19","status":"publish","type":"post","link":"https:\/\/www.zdg.md\/en\/the-moldovan-church-vs-covid-19\/","title":{"rendered":"The Moldovan Church VS COVID-19"},"content":{"rendered":"\n<div class=\"wp-block-advanced-gutenberg-blocks-intro\"><p class=\"wp-block-advanced-gutenberg-blocks-intro__content\">While doctors and authorities urged citizens to adhere to protective measures during the COVID-19 epidemic strictly, some church representatives came up with public messages promoting various conspiracy theories, thereby questioning the new coronavirus\u2019s dangers. ZdG tried to find out how the priests\u2019 displayed messages changed during the last few months, after the clergy reported more than 20 COVID-19 cases since the beginning of the pandemic, and at least three of them lost their lives.<\/p><\/div>\n\n\n\n<p>Bishop Marchel of B\u0103l\u021bi and F\u0103le\u0219ti (Northern Moldova) is one of those who promoted conspiracy theories related to COVID-19. Later admitting that he was COVID-19 positive and told reporters that \u201cpeople must understand how dangerous this virus is and they should follow the doctors\u2019 recommendations.\u201d<\/p>\n\n\n\n<p><em>\u201cDon&#8217;t accept the vaccine. The Satanist globalists\u2019 goal was to invent the coronavirus, attributing to it many more terrible characteristics than the virus has. Protect Christians from the vaccine. It is the trap that deprives us of freedom as a holy gift, received from God. The vaccinated man voluntarily accepts in his body the tracking mechanism,\u201d<\/em> said Bishop Marchel in a video clip published by Balti Eparchy on May 16, 2020.\u00a0<\/p>\n\n\n\n<p>One month after the recording of this video message, Bishop Marchel fell ill with COVID-19. Although he initially refused to confirm it, he later admitted that he was infected and told reporters that \u201cpeople must understand how dangerous this virus is, and they should follow the doctors\u2019 recommendations strictly.\u201d<\/p>\n\n\n\n<p><strong><em>\u201cWe\u2019ll end up with microchips. There are all signs of it.\u201d<\/em><\/strong><\/p>\n\n\n\n<p>Ioan Zimbranu, another pastor from the North of Moldova, spread conspiracy theories before getting infected with COVID-19. Until he tested positive, the priest distributed on his Facebook page articles and videos promoting messages against 5G antennas and the vaccine, as well as opinions about \u201cmicrochipping\u201d the population or about the fact that the statistics related to COVID-19 would be false.<\/p>\n\n\n\n<p>On July 29, in a message posted on Facebook, the priest announced that he was cured of COVID-19 and thanked the doctors \u201cfrom the bottom of my heart for the care and help they gave me.\u201d&nbsp;<\/p>\n\n\n\n<p>The priest told in an interview with ZdG: \u201cInitially, I couldn&#8217;t believe that such a disease existed. I thought it was a simple flu. On Facebook, I thanked the doctors and everyone for the very caring attitude towards me, and I would ask everyone to take care of themselves because the disease is real. However, he believes that \u201cmicrochipping\u201d will be used one day and that 5G antennas are dangerous to society and believers.<\/p>\n\n\n\n<p><strong><em>\u201cWhen this disease is knocking on your door, you become convinced that it exists.\u201d<\/em><\/strong><\/p>\n\n\n\n<p>Vitalie B\u00e2rl\u0103deanu, a pastor in the B\u0103l\u021bi district, was also skeptical about COVID-19 until he got infected and was hospitalized in the resuscitation department, connected to the assisted breathing apparatus.<\/p>\n\n\n\n<p><em>\u201c You think it&#8217;s not going to affect you, but when the disease is knocking on your door, you become convinced that it exists. And I want to tell people to be careful and to protect themselves.\u201d<\/em><\/p>\n\n\n\n<p>&nbsp;When he noticed that he had a fever, the priest says that he thought it was a simple cold, not COVID-19. However, hard days of hospitalization and the fight against the new coronavirus followed.&nbsp;<\/p>\n\n\n\n<p><strong>The Metropolitan Church of Moldova on \u201cmicrochipping\u201d through the vaccine against COVID-19, \u201cthe international criminal Bill Gates,\u201d and 5G technologies.<\/strong><\/p>\n\n\n\n<p>In May, when the pandemic was in full swing, and before several church representatives contracted the virus, the Metropolitan Church of Moldova addressed to the country&#8217;s leadership regarding the \u201cdanger of microchipping\u201d through the COVID-19 vaccine. We tried to find out if the Metropolitanate maintains its point of view expressed in May. Still, His Eminence Ioan, Bishop of Soroca, who was delegated to talk to us, avoided answering ZdG questions directly.&nbsp;<\/p>\n","protected":false},"excerpt":{"rendered":"<p>Bishop Marchel of B\u0103l\u021bi and F\u0103le\u0219ti (Northern Moldova) is one of those who promoted conspiracy theories related to COVID-19. Later admitting that he was COVID-19 positive and told reporters that \u201cpeople must understand how dangerous this virus is and they should follow the doctors\u2019 recommendations.\u201d \u201cDon&#8217;t accept the vaccine. The Satanist globalists\u2019 goal was to&#8230;<\/p>\n","protected":false},"author":9,"featured_media":5338,"comment_status":"open","ping_status":"open","sticky":true,"template":"","format":"standard","meta":{"_acf_changed":false,"inline_featured_image":false,"footnotes":""},"categories":[18,6,3,10,15,8],"tags":[535,94,230],"autor":[25,113],"class_list":["post-5337","post","type-post","status-publish","format-standard","has-post-thumbnail","hentry","category-about-moldova","category-exclusive","category-investigations","category-news","category-opinion","category-people","tag-church","tag-covid-19","tag-debunking","autor-anatolie-esanu","autor-diana-gatcan"],"acf":[],"yoast_head":"<!-- This site is optimized with the Yoast SEO plugin v24.3 - https:\/\/yoast.com\/wordpress\/plugins\/seo\/ -->\n<title>The Moldovan Church VS COVID-19 - Ziarul de Gard\u0103<\/title>\n<meta name=\"robots\" content=\"index, follow, max-snippet:-1, max-image-preview:large, max-video-preview:-1\" \/>\n<link rel=\"canonical\" href=\"https:\/\/www.zdg.md\/en\/the-moldovan-church-vs-covid-19\/\" \/>\n<meta property=\"og:locale\" content=\"en_US\" \/>\n<meta property=\"og:type\" content=\"article\" \/>\n<meta property=\"og:title\" content=\"The Moldovan Church VS COVID-19 - Ziarul de Gard\u0103\" \/>\n<meta property=\"og:description\" content=\"Bishop Marchel of B\u0103l\u021bi and F\u0103le\u0219ti (Northern Moldova) is one of those who promoted conspiracy theories related to COVID-19. Later admitting that he was COVID-19 positive and told reporters that \u201cpeople must understand how dangerous this virus is and they should follow the doctors\u2019 recommendations.\u201d \u201cDon&#8217;t accept the vaccine. The Satanist globalists\u2019 goal was to...\" \/>\n<meta property=\"og:url\" content=\"https:\/\/www.zdg.md\/en\/the-moldovan-church-vs-covid-19\/\" \/>\n<meta property=\"og:site_name\" content=\"Ziarul de Gard\u0103\" \/>\n<meta property=\"article:publisher\" content=\"https:\/\/www.facebook.com\/zdg.md\" \/>\n<meta property=\"article:published_time\" content=\"2020-10-03T17:25:00+00:00\" \/>\n<meta property=\"article:modified_time\" content=\"2020-10-08T08:33:31+00:00\" \/>\n<meta property=\"og:image\" content=\"https:\/\/www.zdg.md\/en\/wp-content\/uploads\/2020\/10\/video-biserica-vs-covid-19-cum-s-1920x1020-c-default.jpg\" \/>\n\t<meta property=\"og:image:width\" content=\"1920\" \/>\n\t<meta property=\"og:image:height\" content=\"1020\" \/>\n\t<meta property=\"og:image:type\" content=\"image\/jpeg\" \/>\n<meta name=\"author\" content=\"Cristina Carmanu\" \/>\n<meta name=\"twitter:card\" content=\"summary_large_image\" \/>\n<meta name=\"twitter:creator\" content=\"@ZiarulDe\" \/>\n<meta name=\"twitter:site\" content=\"@ZiarulDe\" \/>\n<meta name=\"twitter:label1\" content=\"Written by\" \/>\n\t<meta name=\"twitter:data1\" content=\"Cristina Carmanu\" \/>\n\t<meta name=\"twitter:label2\" content=\"Est. reading time\" \/>\n\t<meta name=\"twitter:data2\" content=\"3 minutes\" \/>\n<script type=\"application\/ld+json\" class=\"yoast-schema-graph\">{\"@context\":\"https:\/\/schema.org\",\"@graph\":[{\"@type\":\"Article\",\"@id\":\"https:\/\/www.zdg.md\/en\/the-moldovan-church-vs-covid-19\/#article\",\"isPartOf\":{\"@id\":\"https:\/\/www.zdg.md\/en\/the-moldovan-church-vs-covid-19\/\"},\"author\":{\"name\":\"Cristina Carmanu\",\"@id\":\"https:\/\/www.zdg.md\/en\/#\/schema\/person\/d623cbc9e196fec78044598c7c770cc9\"},\"headline\":\"The Moldovan Church VS COVID-19\",\"datePublished\":\"2020-10-03T17:25:00+00:00\",\"dateModified\":\"2020-10-08T08:33:31+00:00\",\"mainEntityOfPage\":{\"@id\":\"https:\/\/www.zdg.md\/en\/the-moldovan-church-vs-covid-19\/\"},\"wordCount\":644,\"commentCount\":0,\"publisher\":{\"@id\":\"https:\/\/www.zdg.md\/en\/#organization\"},\"image\":{\"@id\":\"https:\/\/www.zdg.md\/en\/the-moldovan-church-vs-covid-19\/#primaryimage\"},\"thumbnailUrl\":\"https:\/\/www.zdg.md\/en\/wp-content\/uploads\/2020\/10\/video-biserica-vs-covid-19-cum-s-1920x1020-c-default.jpg\",\"keywords\":[\"#Church\",\"#COVID-19\",\"#Debunking\"],\"articleSection\":[\"About Moldova\",\"Exclusive\",\"Investigations\",\"News\",\"Opinion\",\"People\"],\"inLanguage\":\"en-US\",\"potentialAction\":[{\"@type\":\"CommentAction\",\"name\":\"Comment\",\"target\":[\"https:\/\/www.zdg.md\/en\/the-moldovan-church-vs-covid-19\/#respond\"]}]},{\"@type\":\"WebPage\",\"@id\":\"https:\/\/www.zdg.md\/en\/the-moldovan-church-vs-covid-19\/\",\"url\":\"https:\/\/www.zdg.md\/en\/the-moldovan-church-vs-covid-19\/\",\"name\":\"The Moldovan Church VS COVID-19 - Ziarul de Gard\u0103\",\"isPartOf\":{\"@id\":\"https:\/\/www.zdg.md\/en\/#website\"},\"primaryImageOfPage\":{\"@id\":\"https:\/\/www.zdg.md\/en\/the-moldovan-church-vs-covid-19\/#primaryimage\"},\"image\":{\"@id\":\"https:\/\/www.zdg.md\/en\/the-moldovan-church-vs-covid-19\/#primaryimage\"},\"thumbnailUrl\":\"https:\/\/www.zdg.md\/en\/wp-content\/uploads\/2020\/10\/video-biserica-vs-covid-19-cum-s-1920x1020-c-default.jpg\",\"datePublished\":\"2020-10-03T17:25:00+00:00\",\"dateModified\":\"2020-10-08T08:33:31+00:00\",\"breadcrumb\":{\"@id\":\"https:\/\/www.zdg.md\/en\/the-moldovan-church-vs-covid-19\/#breadcrumb\"},\"inLanguage\":\"en-US\",\"potentialAction\":[{\"@type\":\"ReadAction\",\"target\":[\"https:\/\/www.zdg.md\/en\/the-moldovan-church-vs-covid-19\/\"]}]},{\"@type\":\"ImageObject\",\"inLanguage\":\"en-US\",\"@id\":\"https:\/\/www.zdg.md\/en\/the-moldovan-church-vs-covid-19\/#primaryimage\",\"url\":\"https:\/\/www.zdg.md\/en\/wp-content\/uploads\/2020\/10\/video-biserica-vs-covid-19-cum-s-1920x1020-c-default.jpg\",\"contentUrl\":\"https:\/\/www.zdg.md\/en\/wp-content\/uploads\/2020\/10\/video-biserica-vs-covid-19-cum-s-1920x1020-c-default.jpg\",\"width\":1920,\"height\":1020},{\"@type\":\"BreadcrumbList\",\"@id\":\"https:\/\/www.zdg.md\/en\/the-moldovan-church-vs-covid-19\/#breadcrumb\",\"itemListElement\":[{\"@type\":\"ListItem\",\"position\":1,\"name\":\"Home\",\"item\":\"https:\/\/www.zdg.md\/en\/\"},{\"@type\":\"ListItem\",\"position\":2,\"name\":\"The Moldovan Church VS COVID-19\"}]},{\"@type\":\"WebSite\",\"@id\":\"https:\/\/www.zdg.md\/en\/#website\",\"url\":\"https:\/\/www.zdg.md\/en\/\",\"name\":\"Ziarul de Gard\u0103\",\"description\":\"The only investigative newspaper in the Republic of Moldova\",\"publisher\":{\"@id\":\"https:\/\/www.zdg.md\/en\/#organization\"},\"potentialAction\":[{\"@type\":\"SearchAction\",\"target\":{\"@type\":\"EntryPoint\",\"urlTemplate\":\"https:\/\/www.zdg.md\/en\/?s={search_term_string}\"},\"query-input\":{\"@type\":\"PropertyValueSpecification\",\"valueRequired\":true,\"valueName\":\"search_term_string\"}}],\"inLanguage\":\"en-US\"},{\"@type\":\"Organization\",\"@id\":\"https:\/\/www.zdg.md\/en\/#organization\",\"name\":\"Ziarul de Gard\u0103\",\"url\":\"https:\/\/www.zdg.md\/en\/\",\"logo\":{\"@type\":\"ImageObject\",\"inLanguage\":\"en-US\",\"@id\":\"https:\/\/www.zdg.md\/en\/#\/schema\/logo\/image\/\",\"url\":\"https:\/\/www.zdg.md\/en\/wp-content\/uploads\/2025\/01\/logo-footer-1.svg\",\"contentUrl\":\"https:\/\/www.zdg.md\/en\/wp-content\/uploads\/2025\/01\/logo-footer-1.svg\",\"width\":124,\"height\":71,\"caption\":\"Ziarul de Gard\u0103\"},\"image\":{\"@id\":\"https:\/\/www.zdg.md\/en\/#\/schema\/logo\/image\/\"},\"sameAs\":[\"https:\/\/www.facebook.com\/zdg.md\",\"https:\/\/x.com\/ZiarulDe\"]},{\"@type\":\"Person\",\"@id\":\"https:\/\/www.zdg.md\/en\/#\/schema\/person\/d623cbc9e196fec78044598c7c770cc9\",\"name\":\"Cristina Carmanu\",\"image\":{\"@type\":\"ImageObject\",\"inLanguage\":\"en-US\",\"@id\":\"https:\/\/www.zdg.md\/en\/#\/schema\/person\/image\/\",\"url\":\"https:\/\/secure.gravatar.com\/avatar\/8d452f3d4bfb8e58e461d22691afcc6e?s=96&d=mm&r=g\",\"contentUrl\":\"https:\/\/secure.gravatar.com\/avatar\/8d452f3d4bfb8e58e461d22691afcc6e?s=96&d=mm&r=g\",\"caption\":\"Cristina Carmanu\"},\"url\":\"https:\/\/www.zdg.md\/en\/author\/cristina\/\"}]}<\/script>\n<!-- \/ Yoast SEO plugin. -->","yoast_head_json":{"title":"The Moldovan Church VS COVID-19 - Ziarul de Gard\u0103","robots":{"index":"index","follow":"follow","max-snippet":"max-snippet:-1","max-image-preview":"max-image-preview:large","max-video-preview":"max-video-preview:-1"},"canonical":"https:\/\/www.zdg.md\/en\/the-moldovan-church-vs-covid-19\/","og_locale":"en_US","og_type":"article","og_title":"The Moldovan Church VS COVID-19 - Ziarul de Gard\u0103","og_description":"Bishop Marchel of B\u0103l\u021bi and F\u0103le\u0219ti (Northern Moldova) is one of those who promoted conspiracy theories related to COVID-19. Later admitting that he was COVID-19 positive and told reporters that \u201cpeople must understand how dangerous this virus is and they should follow the doctors\u2019 recommendations.\u201d \u201cDon&#8217;t accept the vaccine. The Satanist globalists\u2019 goal was to...","og_url":"https:\/\/www.zdg.md\/en\/the-moldovan-church-vs-covid-19\/","og_site_name":"Ziarul de Gard\u0103","article_publisher":"https:\/\/www.facebook.com\/zdg.md","article_published_time":"2020-10-03T17:25:00+00:00","article_modified_time":"2020-10-08T08:33:31+00:00","og_image":[{"width":1920,"height":1020,"url":"https:\/\/www.zdg.md\/en\/wp-content\/uploads\/2020\/10\/video-biserica-vs-covid-19-cum-s-1920x1020-c-default.jpg","type":"image\/jpeg"}],"author":"Cristina Carmanu","twitter_card":"summary_large_image","twitter_creator":"@ZiarulDe","twitter_site":"@ZiarulDe","twitter_misc":{"Written by":"Cristina Carmanu","Est. reading time":"3 minutes"},"schema":{"@context":"https:\/\/schema.org","@graph":[{"@type":"Article","@id":"https:\/\/www.zdg.md\/en\/the-moldovan-church-vs-covid-19\/#article","isPartOf":{"@id":"https:\/\/www.zdg.md\/en\/the-moldovan-church-vs-covid-19\/"},"author":{"name":"Cristina Carmanu","@id":"https:\/\/www.zdg.md\/en\/#\/schema\/person\/d623cbc9e196fec78044598c7c770cc9"},"headline":"The Moldovan Church VS COVID-19","datePublished":"2020-10-03T17:25:00+00:00","dateModified":"2020-10-08T08:33:31+00:00","mainEntityOfPage":{"@id":"https:\/\/www.zdg.md\/en\/the-moldovan-church-vs-covid-19\/"},"wordCount":644,"commentCount":0,"publisher":{"@id":"https:\/\/www.zdg.md\/en\/#organization"},"image":{"@id":"https:\/\/www.zdg.md\/en\/the-moldovan-church-vs-covid-19\/#primaryimage"},"thumbnailUrl":"https:\/\/www.zdg.md\/en\/wp-content\/uploads\/2020\/10\/video-biserica-vs-covid-19-cum-s-1920x1020-c-default.jpg","keywords":["#Church","#COVID-19","#Debunking"],"articleSection":["About Moldova","Exclusive","Investigations","News","Opinion","People"],"inLanguage":"en-US","potentialAction":[{"@type":"CommentAction","name":"Comment","target":["https:\/\/www.zdg.md\/en\/the-moldovan-church-vs-covid-19\/#respond"]}]},{"@type":"WebPage","@id":"https:\/\/www.zdg.md\/en\/the-moldovan-church-vs-covid-19\/","url":"https:\/\/www.zdg.md\/en\/the-moldovan-church-vs-covid-19\/","name":"The Moldovan Church VS COVID-19 - Ziarul de Gard\u0103","isPartOf":{"@id":"https:\/\/www.zdg.md\/en\/#website"},"primaryImageOfPage":{"@id":"https:\/\/www.zdg.md\/en\/the-moldovan-church-vs-covid-19\/#primaryimage"},"image":{"@id":"https:\/\/www.zdg.md\/en\/the-moldovan-church-vs-covid-19\/#primaryimage"},"thumbnailUrl":"https:\/\/www.zdg.md\/en\/wp-content\/uploads\/2020\/10\/video-biserica-vs-covid-19-cum-s-1920x1020-c-default.jpg","datePublished":"2020-10-03T17:25:00+00:00","dateModified":"2020-10-08T08:33:31+00:00","breadcrumb":{"@id":"https:\/\/www.zdg.md\/en\/the-moldovan-church-vs-covid-19\/#breadcrumb"},"inLanguage":"en-US","potentialAction":[{"@type":"ReadAction","target":["https:\/\/www.zdg.md\/en\/the-moldovan-church-vs-covid-19\/"]}]},{"@type":"ImageObject","inLanguage":"en-US","@id":"https:\/\/www.zdg.md\/en\/the-moldovan-church-vs-covid-19\/#primaryimage","url":"https:\/\/www.zdg.md\/en\/wp-content\/uploads\/2020\/10\/video-biserica-vs-covid-19-cum-s-1920x1020-c-default.jpg","contentUrl":"https:\/\/www.zdg.md\/en\/wp-content\/uploads\/2020\/10\/video-biserica-vs-covid-19-cum-s-1920x1020-c-default.jpg","width":1920,"height":1020},{"@type":"BreadcrumbList","@id":"https:\/\/www.zdg.md\/en\/the-moldovan-church-vs-covid-19\/#breadcrumb","itemListElement":[{"@type":"ListItem","position":1,"name":"Home","item":"https:\/\/www.zdg.md\/en\/"},{"@type":"ListItem","position":2,"name":"The Moldovan Church VS COVID-19"}]},{"@type":"WebSite","@id":"https:\/\/www.zdg.md\/en\/#website","url":"https:\/\/www.zdg.md\/en\/","name":"Ziarul de Gard\u0103","description":"The only investigative newspaper in the Republic of Moldova","publisher":{"@id":"https:\/\/www.zdg.md\/en\/#organization"},"potentialAction":[{"@type":"SearchAction","target":{"@type":"EntryPoint","urlTemplate":"https:\/\/www.zdg.md\/en\/?s={search_term_string}"},"query-input":{"@type":"PropertyValueSpecification","valueRequired":true,"valueName":"search_term_string"}}],"inLanguage":"en-US"},{"@type":"Organization","@id":"https:\/\/www.zdg.md\/en\/#organization","name":"Ziarul de Gard\u0103","url":"https:\/\/www.zdg.md\/en\/","logo":{"@type":"ImageObject","inLanguage":"en-US","@id":"https:\/\/www.zdg.md\/en\/#\/schema\/logo\/image\/","url":"https:\/\/www.zdg.md\/en\/wp-content\/uploads\/2025\/01\/logo-footer-1.svg","contentUrl":"https:\/\/www.zdg.md\/en\/wp-content\/uploads\/2025\/01\/logo-footer-1.svg","width":124,"height":71,"caption":"Ziarul de Gard\u0103"},"image":{"@id":"https:\/\/www.zdg.md\/en\/#\/schema\/logo\/image\/"},"sameAs":["https:\/\/www.facebook.com\/zdg.md","https:\/\/x.com\/ZiarulDe"]},{"@type":"Person","@id":"https:\/\/www.zdg.md\/en\/#\/schema\/person\/d623cbc9e196fec78044598c7c770cc9","name":"Cristina Carmanu","image":{"@type":"ImageObject","inLanguage":"en-US","@id":"https:\/\/www.zdg.md\/en\/#\/schema\/person\/image\/","url":"https:\/\/secure.gravatar.com\/avatar\/8d452f3d4bfb8e58e461d22691afcc6e?s=96&d=mm&r=g","contentUrl":"https:\/\/secure.gravatar.com\/avatar\/8d452f3d4bfb8e58e461d22691afcc6e?s=96&d=mm&r=g","caption":"Cristina Carmanu"},"url":"https:\/\/www.zdg.md\/en\/author\/cristina\/"}]}},"_links":{"self":[{"href":"https:\/\/www.zdg.md\/en\/wp-json\/wp\/v2\/posts\/5337","targetHints":{"allow":["GET"]}}],"collection":[{"href":"https:\/\/www.zdg.md\/en\/wp-json\/wp\/v2\/posts"}],"about":[{"href":"https:\/\/www.zdg.md\/en\/wp-json\/wp\/v2\/types\/post"}],"author":[{"embeddable":true,"href":"https:\/\/www.zdg.md\/en\/wp-json\/wp\/v2\/users\/9"}],"replies":[{"embeddable":true,"href":"https:\/\/www.zdg.md\/en\/wp-json\/wp\/v2\/comments?post=5337"}],"version-history":[{"count":0,"href":"https:\/\/www.zdg.md\/en\/wp-json\/wp\/v2\/posts\/5337\/revisions"}],"wp:featuredmedia":[{"embeddable":true,"href":"https:\/\/www.zdg.md\/en\/wp-json\/wp\/v2\/media\/5338"}],"wp:attachment":[{"href":"https:\/\/www.zdg.md\/en\/wp-json\/wp\/v2\/media?parent=5337"}],"wp:term":[{"taxonomy":"category","embeddable":true,"href":"https:\/\/www.zdg.md\/en\/wp-json\/wp\/v2\/categories?post=5337"},{"taxonomy":"post_tag","embeddable":true,"href":"https:\/\/www.zdg.md\/en\/wp-json\/wp\/v2\/tags?post=5337"},{"taxonomy":"autor","embeddable":true,"href":"https:\/\/www.zdg.md\/en\/wp-json\/wp\/v2\/autor?post=5337"}],"curies":[{"name":"wp","href":"https:\/\/api.w.org\/{rel}","templated":true}]}}