{"id":4798,"date":"2020-08-21T19:12:00","date_gmt":"2020-08-21T16:12:00","guid":{"rendered":"https:\/\/zdg.md\/en\/?p=4798"},"modified":"2020-08-23T23:24:53","modified_gmt":"2020-08-23T20:24:53","slug":"nicolae-vicol-the-former-head-of-the-state-tax-service-tried-in-a-corruption-case-from-2013","status":"publish","type":"post","link":"https:\/\/www.zdg.md\/en\/nicolae-vicol-the-former-head-of-the-state-tax-service-tried-in-a-corruption-case-from-2013\/","title":{"rendered":"Nicolae Vicol, the Former Head of the State Tax Service, Tried in a Corruption Case from 2013"},"content":{"rendered":"\n<p><strong>Nicolae Vicol, the former head of the State Tax Service, may return to Moldova after more than five years.\u00a0The Chi\u0219in\u0103u Court of Appeal revoked the preventive measure regarding him after overturning the sentence of the R\u00e2\u0219cani Court issued in 2015. The Court ordered the retrial of the criminal case opened against Vicol in another panel of judges.\u00a0<\/strong><\/p>\n\n\n\n<p>On June 30, 2020, a panel of judges composed of Sergiu Furdui, Alexandru Spoial\u0103, and Silvia G\u00e2rbu decided that the corruption case from the State Tax Service, which came to the attention of the public in February 2013, will be re-tried, by the Chi\u0219in\u0219u Court.\u00a0At the Chi\u0219in\u0103u Court, all parties to the case, including the prosecutor, requested that the case be sent for retrial.\u00a0<\/p>\n\n\n\n<h2 class=\"wp-block-heading\"><strong>The Arguments of the Chi\u0219in\u0103u Court of Appeal <\/strong><\/h2>\n\n\n\n<p>The Criminal College found that\u00a0<em>\u201cthe court of the first instance erroneously established the deeds, which do not correspond to the evidence in the case, which was incorrectly assessed. The court of the first instance erroneously reached the conclusion to convict Vicol Nicolae, Gudima Vasile, Be\u015fleag\u0103 Anatolie, B\u0103n\u0103ruc Eduard, S\u00eerbu Veaceslav, and Zacrevschi Vadim<\/em>,\u201d argues the court.<\/p>\n\n\n\n<p><em>&#8220;When adopting the sentence regarding Vicol Nicolae, Gudima Vasile, Be\u015fleag\u0103 Anatolie, B\u0103n\u0103ruc Eduard, S\u00eerbu Veaceslav and Zacrevschi Vadim, the first instance court admitted several procedural violations, as well as material ones,&#8221; <\/em><strong>wrote the magistrates from the Chi\u0219in\u0103u Court of Appeal in a statement, mentioning the reasons for the decision, published on 30 July 2020.<\/strong><\/p>\n\n\n\n<p>&#8220;<em>The Criminal College notes that during the examination of the case in the court of the first instance, several pieces of evidence were investigated, which were not indicated in the indictment and which were obtained on the basis of the conclusion of the investigating judge, issued on the basis of another criminal case that was closed. <\/em><\/p>\n\n\n\n<p><em>The Criminal College finds that the court admitted deviations from the legal norms cited above, invoking some circumstances and norms that are not regulated by the criminal procedure law.\u00a0Therefore, it is necessary to send the case for retrial in the first instance to another court panel, so that the right to a fair trial of neither party is not affected\u2026,\u201d\u00a0<\/em><strong>argued the magistrates.\u00a0<\/strong><\/p>\n\n\n\n<p><em>&#8220;When retrying the case, the court of the first instance shall take into account those set forth in this decision, to remove the violations of the law mentioned, to comply with the procedure of judging the case. The first instance court shall rule on all grounds invoked in the appeals, shall thoroughly verify, in all respects, completely and objectively all evidence in strict accordance with the provisions of the Code of Criminal Procedure.<\/em><\/p>\n\n\n\n<p><em>The first instance court shall adopt a legal and well-founded decision.\u00a0Subsequent to the above, <em>when re-trialing the case,<\/em><\/em> <em>the court of the first instance will take into account both those found by the decision of the Chi\u0219in\u0103u Board of Directors on June 30, 2020, and those indicated by the Supreme Court of Justice by the decision of October 29, 2019, where all violations and errors were found, admitted in the case of Vicol Nicolae, B\u0103n\u0103ruc Eduard, Be\u0219leag\u0103 Anatolie, Zacrevschi Vadim,\u201d<\/em>\u00a0<strong>it is specified in the decision of the Chi\u0219in\u0103u Board of Directors.<\/strong><\/p>\n\n\n\n<h2 class=\"wp-block-heading\"><strong>The State Tax Service Corruption Case Made Public in February 2013<\/strong><\/h2>\n\n\n\n<p>At the same time, the magistrates\u00a0ordered the preventive measure of the arrest, applied to Nicolae Vicol and Anatolie Be\u0219leag\u0103 to be revoked. Subsequently, Vicol&#8217;s announcement in the search was also canceled.\u00a0<\/p>\n\n\n\n<p><a rel=\"noreferrer noopener\" href=\"https:\/\/www.zdg.md\/investigatii\/ancheta\/cna-a-vandut-dosarul-vicol-pe-bucati\/\" target=\"_blank\">The corruption case from the State Tax Service<\/a>, one of the most resonant cases in recent years, was opened in 2012. However, the arrests and searches took place on February 15, 2013, the same day the Liberal Democratic Party and the Communist Party deputies fired Moldova&#8217;s tycoon, Vlad Plahotniuc, from the first vice-president of the Parliament position.<\/p>\n\n\n\n<p>A few days before the searches and the arrests took place, former Prime Minister Vlad Filat, the former and current leader of the Liberal Democratic Party denounced the agreement of the Alliance for European Integration, calling Plahotniuc a puppet master and bringing several serious charges against him.<\/p>\n\n\n\n<p>Shortly afterward, Plahotniuc also made public accusations against Filat.\u00a0In this context, in just a few days, several telephone interceptions, between Nicolae Vicol and various high-ranking officials, including the then Prime Minister Filat, appeared in the public space.<\/p>\n\n\n\n<p>Six people were detained in the case, Nicolae Vicol, then head of the State Tax Service, Eduard B\u0103n\u0103ruc, then Deputy Secretary-General of the Government, tax inspector, Anatolie Be\u015fleag\u0103, businessman Vasile Gudima and former employees of the Center for Combating Economic Crimes and Corruption and the National Anticorruption Center, Veaceslav S\u00e2rbu and Vadim Zacrevschi. All of them were accused of corruption.\u00a0<\/p>\n\n\n\n<h2 class=\"wp-block-heading\"><strong>The Evolution of the Case in the Last Five Years<\/strong><\/h2>\n\n\n\n<p>In June 2015,\u00a0<a rel=\"noreferrer noopener\" href=\"https:\/\/www.zdg.md\/investigatii\/ancheta\/de-ce-a-fost-condamnat-fostul-sef-al-fiscului\/\" target=\"_blank\">a panel of judges formed from Oleg Melniciuc, Aliona Miron, and Lilia Lupa\u015fco<\/a>, made public the sentence of the first instance in this case.\u00a0Then, Nicolae Vicol, accused of several charges, received six years in prison. Anatolie Be\u015fleag\u0103, former tax inspector, accused of asking for and receiving 3,000 euros as a bribe, was sentenced to five years in prison and a fine of over 5,000 euros (100,000 lei). Eduard B\u0103n\u0103ruc, Deputy Secretary-General of the Government, was punished with a fine of over 500 euros (10,000 lei). The businessman Vasile Gudima and former employees of the Center for Combating Economic Crimes and Corruption and the National Anticorruption Center, Veaceslav S\u00e2rbu and Vadim Zacrevschi, escaped punishment, on the grounds that the statute of limitations had expired. They were accused and found guilty of illegally intercepting the deputy head of the State Tax Service, Valentina Negar\u0103.<\/p>\n\n\n\n<div class=\"wp-block-image\"><figure class=\"aligncenter\"><a href=\"https:\/\/www.zdg.md\/wp-content\/uploads\/2015\/06\/524-judecatori-vicol.jpg\"><img decoding=\"async\" src=\"https:\/\/www.zdg.md\/wp-content\/uploads\/2015\/06\/524-judecatori-vicol.jpg\" alt=\"\" class=\"wp-image-1222513\"\/><\/a><figcaption>June 2015. The first instance pronounces the sentence in the corruption case from the Tax Office.\u00a0Nicolae Vicol had left the country shortly before the speech.<\/figcaption><\/figure><\/div>\n\n\n\n<p>On May 31, 2018,\u00a0<a rel=\"noreferrer noopener\" href=\"https:\/\/www.zdg.md\/importante\/dosarul-vicol-banaruc-decizia-curtii-de-apel-chisinau\/\" target=\"_blank\">a panel of judges from the Chi\u0219in\u0103u District Court<\/a>, formed of Stelian Teleuc\u0103, Ion Ple\u015fca, and Oxana Robu, upheld the sentence taken against S\u00e2rbu, Zacrevschi, and Gudima, but changed the sentences previously issued on behalf of Vicol, B\u0103n\u0103ruc, and Be\u015fleag\u0103.\u00a0<\/p>\n\n\n\n<p>Thus, Eduard B\u0103n\u0103ruc&#8217;s criminal trial was terminated for the expiration of the statute of limitations, with the release of criminal liability.\u00a0<\/p>\n\n\n\n<p>The judges decided that Be\u015fleag\u0103&#8217;s sentence, applied by the first instance, should be suspended conditionally for a probationary period of three years.\u00a0The judges&#8217; clemency was motivated by the fact that Be\u015fleag\u0103 admitted he took a bribe while he was heard. The judges stated that he sincerely repented and has three minor children to support.\u00a0Previously, he did not plead guilty, demanding acquittal.<\/p>\n\n\n\n<figure class=\"wp-block-image\"><a href=\"https:\/\/www.zdg.md\/wp-content\/uploads\/2020\/08\/dosar-vicol-curtea-de-apel-740x393.jpg\"><img decoding=\"async\" src=\"https:\/\/www.zdg.md\/wp-content\/uploads\/2020\/08\/dosar-vicol-curtea-de-apel-740x393.jpg\" alt=\"\" class=\"wp-image-1354267\"\/><\/a><figcaption>At the Chi\u0219in\u0103u Court of Appeal, in 2018, the case of Nicolae Vicol was completed anonymously<\/figcaption><\/figure>\n\n\n\n<p>At the Chi\u0219in\u0103u District Court, Vicol became the only defendant sentenced to real imprisonment in this case.\u00a0Vicol, who Moldova before the first instance court issued the sentence, was facing charges on six counts of corruption. <\/p>\n\n\n\n<p>Although he was found guilty in all six counts, the former head of the Tax Office was not prosecuted in three cases. Vicol was not prosecuted, either because the statute of limitations intervened or because the decision of the Constitutional Court of December 7, 2017, intervened, which declared as unconstitutional the phrase public interests or of paragraph 1 of art.\u00a0327, Penal Code.<\/p>\n\n\n\n<p>At the same time, in some accusations, the judges found that the prosecutor presented to the defendant Vicol an unclear, non-concrete accusation, without legal support.\u00a0Consequently, Vicol was sentenced to a final and irrevocable sentence of five and a half years in a semi-closed penitentiary, with deprivation of the right to hold public office for six years.\u00a0<\/p>\n\n\n\n<p><a rel=\"noreferrer noopener\" href=\"https:\/\/www.zdg.md\/stiri\/stiri-justitie\/doc-dosarul-vicol-banaruc-decizia-curtii-supreme-de-justitie\/\" target=\"_blank\">In October 2019, a panel of judges<\/a>\u00a0formed from Vladimir Timofti, Elena Cobzac, Nadejda Toma, Anatolie Turcan, and Victor Boico sent the case for retrial to the Chi\u0219in\u0103u\u00a0<a rel=\"noreferrer noopener\" href=\"https:\/\/www.zdg.md\/stiri\/stiri-justitie\/doc-dosarul-vicol-banaruc-decizia-curtii-supreme-de-justitie\/\" target=\"_blank\">District Court<\/a>.\u00a0The Supreme Court of Justice found several omissions that would have irreparably vitiated the proceedings against the defendants. The Chi\u0219in\u0103u Court, which will re-examine this case, has not yet scheduled hearings.<\/p>\n\n\n\n<p>Vicol has not yet returned to Moldova, the decision of the Chi\u0219in\u0219u Board of Directors has not yet been executed.<\/p>\n","protected":false},"excerpt":{"rendered":"<p>Nicolae Vicol, the former head of the State Tax Service, may return to Moldova after more than five years.\u00a0The Chi\u0219in\u0103u Court of Appeal revoked the preventive measure regarding him after overturning the sentence of the R\u00e2\u0219cani Court issued in 2015. The Court ordered the retrial of the criminal case opened against Vicol in another panel&#8230;<\/p>\n","protected":false},"author":9,"featured_media":4799,"comment_status":"open","ping_status":"open","sticky":true,"template":"","format":"standard","meta":{"_acf_changed":false,"inline_featured_image":false,"footnotes":""},"categories":[11,3,20],"tags":[153,73,48],"autor":[142],"class_list":["post-4798","post","type-post","status-publish","format-standard","has-post-thumbnail","hentry","category-important","category-investigations","category-justice","tag-justicereform","tag-justicesystem","tag-moldova","autor-victor-mosneag-2"],"acf":[],"yoast_head":"<!-- This site is optimized with the Yoast SEO plugin v24.3 - https:\/\/yoast.com\/wordpress\/plugins\/seo\/ -->\n<title>Nicolae Vicol, the Former Head of the State Tax Service, Tried in a Corruption Case from 2013 - Ziarul de Gard\u0103<\/title>\n<meta name=\"robots\" content=\"index, follow, max-snippet:-1, max-image-preview:large, max-video-preview:-1\" \/>\n<link rel=\"canonical\" href=\"https:\/\/www.zdg.md\/en\/nicolae-vicol-the-former-head-of-the-state-tax-service-tried-in-a-corruption-case-from-2013\/\" \/>\n<meta property=\"og:locale\" content=\"en_US\" \/>\n<meta property=\"og:type\" content=\"article\" \/>\n<meta property=\"og:title\" content=\"Nicolae Vicol, the Former Head of the State Tax Service, Tried in a Corruption Case from 2013 - Ziarul de Gard\u0103\" \/>\n<meta property=\"og:description\" content=\"Nicolae Vicol, the former head of the State Tax Service, may return to Moldova after more than five years.\u00a0The Chi\u0219in\u0103u Court of Appeal revoked the preventive measure regarding him after overturning the sentence of the R\u00e2\u0219cani Court issued in 2015. The Court ordered the retrial of the criminal case opened against Vicol in another panel...\" \/>\n<meta property=\"og:url\" content=\"https:\/\/www.zdg.md\/en\/nicolae-vicol-the-former-head-of-the-state-tax-service-tried-in-a-corruption-case-from-2013\/\" \/>\n<meta property=\"og:site_name\" content=\"Ziarul de Gard\u0103\" \/>\n<meta property=\"article:publisher\" content=\"https:\/\/www.facebook.com\/zdg.md\" \/>\n<meta property=\"article:published_time\" content=\"2020-08-21T16:12:00+00:00\" \/>\n<meta property=\"article:modified_time\" content=\"2020-08-23T20:24:53+00:00\" \/>\n<meta property=\"og:image\" content=\"https:\/\/www.zdg.md\/en\/wp-content\/uploads\/2020\/08\/524-vicol-1920x1020-c-default.jpg\" \/>\n\t<meta property=\"og:image:width\" content=\"1920\" \/>\n\t<meta property=\"og:image:height\" content=\"1020\" \/>\n\t<meta property=\"og:image:type\" content=\"image\/jpeg\" \/>\n<meta name=\"author\" content=\"Cristina Carmanu\" \/>\n<meta name=\"twitter:card\" content=\"summary_large_image\" \/>\n<meta name=\"twitter:creator\" content=\"@ZiarulDe\" \/>\n<meta name=\"twitter:site\" content=\"@ZiarulDe\" \/>\n<meta name=\"twitter:label1\" content=\"Written by\" \/>\n\t<meta name=\"twitter:data1\" content=\"Cristina Carmanu\" \/>\n\t<meta name=\"twitter:label2\" content=\"Est. reading time\" \/>\n\t<meta name=\"twitter:data2\" content=\"7 minutes\" \/>\n<script type=\"application\/ld+json\" class=\"yoast-schema-graph\">{\"@context\":\"https:\/\/schema.org\",\"@graph\":[{\"@type\":\"Article\",\"@id\":\"https:\/\/www.zdg.md\/en\/nicolae-vicol-the-former-head-of-the-state-tax-service-tried-in-a-corruption-case-from-2013\/#article\",\"isPartOf\":{\"@id\":\"https:\/\/www.zdg.md\/en\/nicolae-vicol-the-former-head-of-the-state-tax-service-tried-in-a-corruption-case-from-2013\/\"},\"author\":{\"name\":\"Cristina Carmanu\",\"@id\":\"https:\/\/www.zdg.md\/en\/#\/schema\/person\/d623cbc9e196fec78044598c7c770cc9\"},\"headline\":\"Nicolae Vicol, the Former Head of the State Tax Service, Tried in a Corruption Case from 2013\",\"datePublished\":\"2020-08-21T16:12:00+00:00\",\"dateModified\":\"2020-08-23T20:24:53+00:00\",\"mainEntityOfPage\":{\"@id\":\"https:\/\/www.zdg.md\/en\/nicolae-vicol-the-former-head-of-the-state-tax-service-tried-in-a-corruption-case-from-2013\/\"},\"wordCount\":1385,\"commentCount\":0,\"publisher\":{\"@id\":\"https:\/\/www.zdg.md\/en\/#organization\"},\"image\":{\"@id\":\"https:\/\/www.zdg.md\/en\/nicolae-vicol-the-former-head-of-the-state-tax-service-tried-in-a-corruption-case-from-2013\/#primaryimage\"},\"thumbnailUrl\":\"https:\/\/www.zdg.md\/en\/wp-content\/uploads\/2020\/08\/524-vicol-1920x1020-c-default.jpg\",\"keywords\":[\"#JusticeReform\",\"#JusticeSystem\",\"#Moldova\"],\"articleSection\":[\"Important\",\"Investigations\",\"Justice\"],\"inLanguage\":\"en-US\",\"potentialAction\":[{\"@type\":\"CommentAction\",\"name\":\"Comment\",\"target\":[\"https:\/\/www.zdg.md\/en\/nicolae-vicol-the-former-head-of-the-state-tax-service-tried-in-a-corruption-case-from-2013\/#respond\"]}]},{\"@type\":\"WebPage\",\"@id\":\"https:\/\/www.zdg.md\/en\/nicolae-vicol-the-former-head-of-the-state-tax-service-tried-in-a-corruption-case-from-2013\/\",\"url\":\"https:\/\/www.zdg.md\/en\/nicolae-vicol-the-former-head-of-the-state-tax-service-tried-in-a-corruption-case-from-2013\/\",\"name\":\"Nicolae Vicol, the Former Head of the State Tax Service, Tried in a Corruption Case from 2013 - Ziarul de Gard\u0103\",\"isPartOf\":{\"@id\":\"https:\/\/www.zdg.md\/en\/#website\"},\"primaryImageOfPage\":{\"@id\":\"https:\/\/www.zdg.md\/en\/nicolae-vicol-the-former-head-of-the-state-tax-service-tried-in-a-corruption-case-from-2013\/#primaryimage\"},\"image\":{\"@id\":\"https:\/\/www.zdg.md\/en\/nicolae-vicol-the-former-head-of-the-state-tax-service-tried-in-a-corruption-case-from-2013\/#primaryimage\"},\"thumbnailUrl\":\"https:\/\/www.zdg.md\/en\/wp-content\/uploads\/2020\/08\/524-vicol-1920x1020-c-default.jpg\",\"datePublished\":\"2020-08-21T16:12:00+00:00\",\"dateModified\":\"2020-08-23T20:24:53+00:00\",\"breadcrumb\":{\"@id\":\"https:\/\/www.zdg.md\/en\/nicolae-vicol-the-former-head-of-the-state-tax-service-tried-in-a-corruption-case-from-2013\/#breadcrumb\"},\"inLanguage\":\"en-US\",\"potentialAction\":[{\"@type\":\"ReadAction\",\"target\":[\"https:\/\/www.zdg.md\/en\/nicolae-vicol-the-former-head-of-the-state-tax-service-tried-in-a-corruption-case-from-2013\/\"]}]},{\"@type\":\"ImageObject\",\"inLanguage\":\"en-US\",\"@id\":\"https:\/\/www.zdg.md\/en\/nicolae-vicol-the-former-head-of-the-state-tax-service-tried-in-a-corruption-case-from-2013\/#primaryimage\",\"url\":\"https:\/\/www.zdg.md\/en\/wp-content\/uploads\/2020\/08\/524-vicol-1920x1020-c-default.jpg\",\"contentUrl\":\"https:\/\/www.zdg.md\/en\/wp-content\/uploads\/2020\/08\/524-vicol-1920x1020-c-default.jpg\",\"width\":1920,\"height\":1020},{\"@type\":\"BreadcrumbList\",\"@id\":\"https:\/\/www.zdg.md\/en\/nicolae-vicol-the-former-head-of-the-state-tax-service-tried-in-a-corruption-case-from-2013\/#breadcrumb\",\"itemListElement\":[{\"@type\":\"ListItem\",\"position\":1,\"name\":\"Home\",\"item\":\"https:\/\/www.zdg.md\/en\/\"},{\"@type\":\"ListItem\",\"position\":2,\"name\":\"Nicolae Vicol, the Former Head of the State Tax Service, Tried in a Corruption Case from 2013\"}]},{\"@type\":\"WebSite\",\"@id\":\"https:\/\/www.zdg.md\/en\/#website\",\"url\":\"https:\/\/www.zdg.md\/en\/\",\"name\":\"Ziarul de Gard\u0103\",\"description\":\"The only investigative newspaper in the Republic of Moldova\",\"publisher\":{\"@id\":\"https:\/\/www.zdg.md\/en\/#organization\"},\"potentialAction\":[{\"@type\":\"SearchAction\",\"target\":{\"@type\":\"EntryPoint\",\"urlTemplate\":\"https:\/\/www.zdg.md\/en\/?s={search_term_string}\"},\"query-input\":{\"@type\":\"PropertyValueSpecification\",\"valueRequired\":true,\"valueName\":\"search_term_string\"}}],\"inLanguage\":\"en-US\"},{\"@type\":\"Organization\",\"@id\":\"https:\/\/www.zdg.md\/en\/#organization\",\"name\":\"Ziarul de Gard\u0103\",\"url\":\"https:\/\/www.zdg.md\/en\/\",\"logo\":{\"@type\":\"ImageObject\",\"inLanguage\":\"en-US\",\"@id\":\"https:\/\/www.zdg.md\/en\/#\/schema\/logo\/image\/\",\"url\":\"https:\/\/www.zdg.md\/en\/wp-content\/uploads\/2025\/01\/logo-footer-1.svg\",\"contentUrl\":\"https:\/\/www.zdg.md\/en\/wp-content\/uploads\/2025\/01\/logo-footer-1.svg\",\"width\":124,\"height\":71,\"caption\":\"Ziarul de Gard\u0103\"},\"image\":{\"@id\":\"https:\/\/www.zdg.md\/en\/#\/schema\/logo\/image\/\"},\"sameAs\":[\"https:\/\/www.facebook.com\/zdg.md\",\"https:\/\/x.com\/ZiarulDe\"]},{\"@type\":\"Person\",\"@id\":\"https:\/\/www.zdg.md\/en\/#\/schema\/person\/d623cbc9e196fec78044598c7c770cc9\",\"name\":\"Cristina Carmanu\",\"image\":{\"@type\":\"ImageObject\",\"inLanguage\":\"en-US\",\"@id\":\"https:\/\/www.zdg.md\/en\/#\/schema\/person\/image\/\",\"url\":\"https:\/\/secure.gravatar.com\/avatar\/8d452f3d4bfb8e58e461d22691afcc6e?s=96&d=mm&r=g\",\"contentUrl\":\"https:\/\/secure.gravatar.com\/avatar\/8d452f3d4bfb8e58e461d22691afcc6e?s=96&d=mm&r=g\",\"caption\":\"Cristina Carmanu\"},\"url\":\"https:\/\/www.zdg.md\/en\/author\/cristina\/\"}]}<\/script>\n<!-- \/ Yoast SEO plugin. -->","yoast_head_json":{"title":"Nicolae Vicol, the Former Head of the State Tax Service, Tried in a Corruption Case from 2013 - Ziarul de Gard\u0103","robots":{"index":"index","follow":"follow","max-snippet":"max-snippet:-1","max-image-preview":"max-image-preview:large","max-video-preview":"max-video-preview:-1"},"canonical":"https:\/\/www.zdg.md\/en\/nicolae-vicol-the-former-head-of-the-state-tax-service-tried-in-a-corruption-case-from-2013\/","og_locale":"en_US","og_type":"article","og_title":"Nicolae Vicol, the Former Head of the State Tax Service, Tried in a Corruption Case from 2013 - Ziarul de Gard\u0103","og_description":"Nicolae Vicol, the former head of the State Tax Service, may return to Moldova after more than five years.\u00a0The Chi\u0219in\u0103u Court of Appeal revoked the preventive measure regarding him after overturning the sentence of the R\u00e2\u0219cani Court issued in 2015. The Court ordered the retrial of the criminal case opened against Vicol in another panel...","og_url":"https:\/\/www.zdg.md\/en\/nicolae-vicol-the-former-head-of-the-state-tax-service-tried-in-a-corruption-case-from-2013\/","og_site_name":"Ziarul de Gard\u0103","article_publisher":"https:\/\/www.facebook.com\/zdg.md","article_published_time":"2020-08-21T16:12:00+00:00","article_modified_time":"2020-08-23T20:24:53+00:00","og_image":[{"width":1920,"height":1020,"url":"https:\/\/www.zdg.md\/en\/wp-content\/uploads\/2020\/08\/524-vicol-1920x1020-c-default.jpg","type":"image\/jpeg"}],"author":"Cristina Carmanu","twitter_card":"summary_large_image","twitter_creator":"@ZiarulDe","twitter_site":"@ZiarulDe","twitter_misc":{"Written by":"Cristina Carmanu","Est. reading time":"7 minutes"},"schema":{"@context":"https:\/\/schema.org","@graph":[{"@type":"Article","@id":"https:\/\/www.zdg.md\/en\/nicolae-vicol-the-former-head-of-the-state-tax-service-tried-in-a-corruption-case-from-2013\/#article","isPartOf":{"@id":"https:\/\/www.zdg.md\/en\/nicolae-vicol-the-former-head-of-the-state-tax-service-tried-in-a-corruption-case-from-2013\/"},"author":{"name":"Cristina Carmanu","@id":"https:\/\/www.zdg.md\/en\/#\/schema\/person\/d623cbc9e196fec78044598c7c770cc9"},"headline":"Nicolae Vicol, the Former Head of the State Tax Service, Tried in a Corruption Case from 2013","datePublished":"2020-08-21T16:12:00+00:00","dateModified":"2020-08-23T20:24:53+00:00","mainEntityOfPage":{"@id":"https:\/\/www.zdg.md\/en\/nicolae-vicol-the-former-head-of-the-state-tax-service-tried-in-a-corruption-case-from-2013\/"},"wordCount":1385,"commentCount":0,"publisher":{"@id":"https:\/\/www.zdg.md\/en\/#organization"},"image":{"@id":"https:\/\/www.zdg.md\/en\/nicolae-vicol-the-former-head-of-the-state-tax-service-tried-in-a-corruption-case-from-2013\/#primaryimage"},"thumbnailUrl":"https:\/\/www.zdg.md\/en\/wp-content\/uploads\/2020\/08\/524-vicol-1920x1020-c-default.jpg","keywords":["#JusticeReform","#JusticeSystem","#Moldova"],"articleSection":["Important","Investigations","Justice"],"inLanguage":"en-US","potentialAction":[{"@type":"CommentAction","name":"Comment","target":["https:\/\/www.zdg.md\/en\/nicolae-vicol-the-former-head-of-the-state-tax-service-tried-in-a-corruption-case-from-2013\/#respond"]}]},{"@type":"WebPage","@id":"https:\/\/www.zdg.md\/en\/nicolae-vicol-the-former-head-of-the-state-tax-service-tried-in-a-corruption-case-from-2013\/","url":"https:\/\/www.zdg.md\/en\/nicolae-vicol-the-former-head-of-the-state-tax-service-tried-in-a-corruption-case-from-2013\/","name":"Nicolae Vicol, the Former Head of the State Tax Service, Tried in a Corruption Case from 2013 - Ziarul de Gard\u0103","isPartOf":{"@id":"https:\/\/www.zdg.md\/en\/#website"},"primaryImageOfPage":{"@id":"https:\/\/www.zdg.md\/en\/nicolae-vicol-the-former-head-of-the-state-tax-service-tried-in-a-corruption-case-from-2013\/#primaryimage"},"image":{"@id":"https:\/\/www.zdg.md\/en\/nicolae-vicol-the-former-head-of-the-state-tax-service-tried-in-a-corruption-case-from-2013\/#primaryimage"},"thumbnailUrl":"https:\/\/www.zdg.md\/en\/wp-content\/uploads\/2020\/08\/524-vicol-1920x1020-c-default.jpg","datePublished":"2020-08-21T16:12:00+00:00","dateModified":"2020-08-23T20:24:53+00:00","breadcrumb":{"@id":"https:\/\/www.zdg.md\/en\/nicolae-vicol-the-former-head-of-the-state-tax-service-tried-in-a-corruption-case-from-2013\/#breadcrumb"},"inLanguage":"en-US","potentialAction":[{"@type":"ReadAction","target":["https:\/\/www.zdg.md\/en\/nicolae-vicol-the-former-head-of-the-state-tax-service-tried-in-a-corruption-case-from-2013\/"]}]},{"@type":"ImageObject","inLanguage":"en-US","@id":"https:\/\/www.zdg.md\/en\/nicolae-vicol-the-former-head-of-the-state-tax-service-tried-in-a-corruption-case-from-2013\/#primaryimage","url":"https:\/\/www.zdg.md\/en\/wp-content\/uploads\/2020\/08\/524-vicol-1920x1020-c-default.jpg","contentUrl":"https:\/\/www.zdg.md\/en\/wp-content\/uploads\/2020\/08\/524-vicol-1920x1020-c-default.jpg","width":1920,"height":1020},{"@type":"BreadcrumbList","@id":"https:\/\/www.zdg.md\/en\/nicolae-vicol-the-former-head-of-the-state-tax-service-tried-in-a-corruption-case-from-2013\/#breadcrumb","itemListElement":[{"@type":"ListItem","position":1,"name":"Home","item":"https:\/\/www.zdg.md\/en\/"},{"@type":"ListItem","position":2,"name":"Nicolae Vicol, the Former Head of the State Tax Service, Tried in a Corruption Case from 2013"}]},{"@type":"WebSite","@id":"https:\/\/www.zdg.md\/en\/#website","url":"https:\/\/www.zdg.md\/en\/","name":"Ziarul de Gard\u0103","description":"The only investigative newspaper in the Republic of Moldova","publisher":{"@id":"https:\/\/www.zdg.md\/en\/#organization"},"potentialAction":[{"@type":"SearchAction","target":{"@type":"EntryPoint","urlTemplate":"https:\/\/www.zdg.md\/en\/?s={search_term_string}"},"query-input":{"@type":"PropertyValueSpecification","valueRequired":true,"valueName":"search_term_string"}}],"inLanguage":"en-US"},{"@type":"Organization","@id":"https:\/\/www.zdg.md\/en\/#organization","name":"Ziarul de Gard\u0103","url":"https:\/\/www.zdg.md\/en\/","logo":{"@type":"ImageObject","inLanguage":"en-US","@id":"https:\/\/www.zdg.md\/en\/#\/schema\/logo\/image\/","url":"https:\/\/www.zdg.md\/en\/wp-content\/uploads\/2025\/01\/logo-footer-1.svg","contentUrl":"https:\/\/www.zdg.md\/en\/wp-content\/uploads\/2025\/01\/logo-footer-1.svg","width":124,"height":71,"caption":"Ziarul de Gard\u0103"},"image":{"@id":"https:\/\/www.zdg.md\/en\/#\/schema\/logo\/image\/"},"sameAs":["https:\/\/www.facebook.com\/zdg.md","https:\/\/x.com\/ZiarulDe"]},{"@type":"Person","@id":"https:\/\/www.zdg.md\/en\/#\/schema\/person\/d623cbc9e196fec78044598c7c770cc9","name":"Cristina Carmanu","image":{"@type":"ImageObject","inLanguage":"en-US","@id":"https:\/\/www.zdg.md\/en\/#\/schema\/person\/image\/","url":"https:\/\/secure.gravatar.com\/avatar\/8d452f3d4bfb8e58e461d22691afcc6e?s=96&d=mm&r=g","contentUrl":"https:\/\/secure.gravatar.com\/avatar\/8d452f3d4bfb8e58e461d22691afcc6e?s=96&d=mm&r=g","caption":"Cristina Carmanu"},"url":"https:\/\/www.zdg.md\/en\/author\/cristina\/"}]}},"_links":{"self":[{"href":"https:\/\/www.zdg.md\/en\/wp-json\/wp\/v2\/posts\/4798","targetHints":{"allow":["GET"]}}],"collection":[{"href":"https:\/\/www.zdg.md\/en\/wp-json\/wp\/v2\/posts"}],"about":[{"href":"https:\/\/www.zdg.md\/en\/wp-json\/wp\/v2\/types\/post"}],"author":[{"embeddable":true,"href":"https:\/\/www.zdg.md\/en\/wp-json\/wp\/v2\/users\/9"}],"replies":[{"embeddable":true,"href":"https:\/\/www.zdg.md\/en\/wp-json\/wp\/v2\/comments?post=4798"}],"version-history":[{"count":0,"href":"https:\/\/www.zdg.md\/en\/wp-json\/wp\/v2\/posts\/4798\/revisions"}],"wp:featuredmedia":[{"embeddable":true,"href":"https:\/\/www.zdg.md\/en\/wp-json\/wp\/v2\/media\/4799"}],"wp:attachment":[{"href":"https:\/\/www.zdg.md\/en\/wp-json\/wp\/v2\/media?parent=4798"}],"wp:term":[{"taxonomy":"category","embeddable":true,"href":"https:\/\/www.zdg.md\/en\/wp-json\/wp\/v2\/categories?post=4798"},{"taxonomy":"post_tag","embeddable":true,"href":"https:\/\/www.zdg.md\/en\/wp-json\/wp\/v2\/tags?post=4798"},{"taxonomy":"autor","embeddable":true,"href":"https:\/\/www.zdg.md\/en\/wp-json\/wp\/v2\/autor?post=4798"}],"curies":[{"name":"wp","href":"https:\/\/api.w.org\/{rel}","templated":true}]}}