{"id":4168,"date":"2020-07-18T15:53:00","date_gmt":"2020-07-18T12:53:00","guid":{"rendered":"https:\/\/zdg.md\/en\/?p=4168"},"modified":"2020-07-21T21:22:26","modified_gmt":"2020-07-21T18:22:26","slug":"the-unfinished-and-undeclared-three-level-house-of-the-leader-of-the-socialist-faction-in-parliament","status":"publish","type":"post","link":"https:\/\/www.zdg.md\/en\/the-unfinished-and-undeclared-three-level-house-of-the-leader-of-the-socialist-faction-in-parliament\/","title":{"rendered":"The &#8220;Unfinished&#8221; and Undeclared Three-Level House of the Leader of the Socialist Parliamentary Faction"},"content":{"rendered":"\n<p><strong>Corneliu Furculi\u021b\u0103 is the head of the Socialist Party parliamentary faction and a close person to the presidential family. ZdG analyzed his declaration of assets and found some inaccuracies.&nbsp; Firstly, the deputy and his family do not live in a 67 square meters apartment in Chi\u0219in\u0103u, as he claims, but in a three-level house in a Chi\u0219in\u0103u suburb. The house is built on the land registered on the name of the deputy\u2019s 26-year-old daughter.&nbsp;<\/strong><\/p>\n\n\n\n<p><strong>ZdG journalist scrutinized the deputy\u2019s recent declarations of assets but the house wasn\u2019t mentioned past 2017 when it was included as an \u201cunfinished construction\u201d. According to the neighbors, Furculi\u021b\u0103 and his family have been living there for more than a year. When Furculi\u021b\u0103\u2019s wife saw ZdG reporters she avoided entering the house and made several circles around the area.&nbsp;<\/strong><\/p>\n\n\n\n<p><strong>Asked by ZdG, Furculi\u021b\u0103 claims that he doesn\u2019t live there permanently. Asked from what financial sources they built the house, the deputy told us that this is a &#8220;family investment&#8221; and that &#8220;more persons&#8221; contributed to the construction. Furculi\u021b\u0103 is originally from Sadova, the same village as President Igor Dodon. The deputy has a long-standing relationship with Dodon.&nbsp;<\/strong><\/p>\n\n\n\n<p><strong>Furculi\u021b\u0103 is the founder of Exclusiv Media, the media holding affiliated to the Socialist Party. Previously, Rise Moldova wrote that Exclusive Media received over \u20ac1 million from an offshore company registered in the Bahamas before the presidential. Subsequently, in March-April 2016, Petru Burduja, deputy of the Socialist Party and Corneliu Furculi\u021b\u0103\u2019s wife withdrew from the company&#8217;s accounts over \u20ac1.02 million (20 million lei), invoking this as restitution of financial aid obtained from individuals.&nbsp;<\/strong><\/p>\n\n\n\n<p>Furculi\u021b\u0103, who heads the faction of the Socialist Party in the Parliament, was first elected deputy in 2014. Since he became deputy, the family\u2019s official income is consists of the salaries of the deputy and his wife.&nbsp;<\/p>\n\n\n\n<h2 class=\"wp-block-heading\"><strong>Furculi\u021b\u0103\u2019s Undeclared House&nbsp;<\/strong><\/h2>\n\n\n\n<p>Furculi\u021b\u0103 filed his last declaration of assets in March 2020. The deputy indicated that he owns only a \u200b\u200b67.3 square-meter apartment, located on Gheorghe Asachi Street, in the center of Chi\u0219in\u0103u. In his declaration of assets, Furculi\u021b\u0103 also included two cars, a Skoda Kodiaq and a Toyota LC150.<\/p>\n\n\n\n<p>ZdG found that the Furculi\u021b\u0103 family also owns an impressive house, in addition to the goods declared. The house is located in Durle\u0219ti, a suburb of Chi\u0219in\u0103u. The deputy didn\u2019t declare the house in his declaration of assets.&nbsp;<\/p>\n\n\n\n<p>The house is built on two land plots. The deputy declared the land-plots until he decided to donate them in 2018. The deputy&#8217;s family owns one land plot since 2010. The land plot has an area of \u200b\u200b0.0538 hectares. In 2017, the deputy&#8217;s family bought the second land plot, next to the first construction plot.<\/p>\n\n\n\n<p>According to the extracts from the Property Records of the Territorial Cadastral Service, the deputy&#8217;s eldest daughter, Cornelia Furculi\u021b\u0103, aged 26, entered into possession of the two land plots in 2018. She is currently abroad.<\/p>\n\n\n\n<p>ZdG went on the spot and found a house, apparently finished. The house was erected on the plots owned by the Furculi\u021b\u0103 family. According to the Property Records of the Territorial Cadastral Service, no real estate was registered on the two land-plots.<\/p>\n\n\n\n<div class=\"wp-block-blockgallery-carousel\"><div class=\"is-cropped blockgallery has-no-alignment has-caption-style-dark has-horizontal-gutter\"><div class=\"has-carousel has-carousel-lrg\" style=\"height:400px\" data-flickity=\"{&quot;autoPlay&quot;:false,&quot;draggable&quot;:true,&quot;pageDots&quot;:false,&quot;prevNextButtons&quot;:true,&quot;wrapAround&quot;:true,&quot;arrowShape&quot;:{&quot;x0&quot;:10,&quot;x1&quot;:60,&quot;y1&quot;:50,&quot;x2&quot;:65,&quot;y2&quot;:45,&quot;x3&quot;:20}}\"><div class=\"blockgallery--item\"><figure class=\"blockgallery--figure has-margin-left-5 has-margin-left-mobile-5 has-margin-right-5 has-margin-right-mobile-5\"><img loading=\"lazy\" decoding=\"async\" width=\"740\" height=\"493\" src=\"https:\/\/zdg.md\/en\/wp-content\/uploads\/2020\/07\/casa-Corneliu-Furculita2-740x493-3.jpg\" alt=\"\" data-id=\"4188\" data-link=\"https:\/\/zdg.md\/en\/?attachment_id=4188\" class=\"wp-image-4188\" srcset=\"https:\/\/www.zdg.md\/en\/wp-content\/uploads\/2020\/07\/casa-Corneliu-Furculita2-740x493-3.jpg 740w, https:\/\/www.zdg.md\/en\/wp-content\/uploads\/2020\/07\/casa-Corneliu-Furculita2-740x493-3-360x240.jpg 360w\" sizes=\"auto, (max-width: 740px) 100vw, 740px\" \/><\/figure><\/div><div class=\"blockgallery--item\"><figure class=\"blockgallery--figure has-margin-left-5 has-margin-left-mobile-5 has-margin-right-5 has-margin-right-mobile-5\"><img loading=\"lazy\" decoding=\"async\" width=\"740\" height=\"430\" src=\"https:\/\/zdg.md\/en\/wp-content\/uploads\/2020\/07\/casa-Corneliu-Furculita3-740x430-2.jpg\" alt=\"\" data-id=\"4189\" data-link=\"https:\/\/zdg.md\/en\/?attachment_id=4189\" class=\"wp-image-4189\" srcset=\"https:\/\/www.zdg.md\/en\/wp-content\/uploads\/2020\/07\/casa-Corneliu-Furculita3-740x430-2.jpg 740w, https:\/\/www.zdg.md\/en\/wp-content\/uploads\/2020\/07\/casa-Corneliu-Furculita3-740x430-2-360x209.jpg 360w\" sizes=\"auto, (max-width: 740px) 100vw, 740px\" \/><\/figure><\/div><div class=\"blockgallery--item\"><figure class=\"blockgallery--figure has-margin-left-5 has-margin-left-mobile-5 has-margin-right-5 has-margin-right-mobile-5\"><img loading=\"lazy\" decoding=\"async\" width=\"740\" height=\"414\" src=\"https:\/\/zdg.md\/en\/wp-content\/uploads\/2020\/07\/casa-Corneliu-Furculita4-740x414-2.jpg\" alt=\"\" data-id=\"4190\" data-link=\"https:\/\/zdg.md\/en\/?attachment_id=4190\" class=\"wp-image-4190\" srcset=\"https:\/\/www.zdg.md\/en\/wp-content\/uploads\/2020\/07\/casa-Corneliu-Furculita4-740x414-2.jpg 740w, https:\/\/www.zdg.md\/en\/wp-content\/uploads\/2020\/07\/casa-Corneliu-Furculita4-740x414-2-360x201.jpg 360w\" sizes=\"auto, (max-width: 740px) 100vw, 740px\" \/><\/figure><\/div><div class=\"blockgallery--item\"><figure class=\"blockgallery--figure has-margin-left-5 has-margin-left-mobile-5 has-margin-right-5 has-margin-right-mobile-5\"><img loading=\"lazy\" decoding=\"async\" width=\"740\" height=\"493\" src=\"https:\/\/zdg.md\/en\/wp-content\/uploads\/2020\/07\/casa-Corneliu-Furculita5-740x493-2.jpg\" alt=\"\" data-id=\"4191\" data-link=\"https:\/\/zdg.md\/en\/?attachment_id=4191\" class=\"wp-image-4191\" srcset=\"https:\/\/www.zdg.md\/en\/wp-content\/uploads\/2020\/07\/casa-Corneliu-Furculita5-740x493-2.jpg 740w, https:\/\/www.zdg.md\/en\/wp-content\/uploads\/2020\/07\/casa-Corneliu-Furculita5-740x493-2-360x240.jpg 360w\" sizes=\"auto, (max-width: 740px) 100vw, 740px\" \/><\/figure><\/div><\/div><\/div><\/div>\n\n\n\n<p>On the evening of July 13, ZdG tried to talk to Furculi\u021b\u0103. We noticed one of the cars, declared by the deputy, approaching the gates of the house in Durle\u0219ti. Ludmila Furculi\u021b\u0103, the deputy\u2019s wife, was behind the wheel. However, when she saw us, she changed her mind and did not enter the gate of the household, making several circles around the area.\u00a0<\/p>\n\n\n\n<figure class=\"wp-block-image size-large\"><img loading=\"lazy\" decoding=\"async\" width=\"740\" height=\"402\" src=\"https:\/\/zdg.md\/en\/wp-content\/uploads\/2020\/07\/image-75-740x402.png\" alt=\"\" class=\"wp-image-4181\" srcset=\"https:\/\/www.zdg.md\/en\/wp-content\/uploads\/2020\/07\/image-75-740x402.png 740w, https:\/\/www.zdg.md\/en\/wp-content\/uploads\/2020\/07\/image-75-360x195.png 360w, https:\/\/www.zdg.md\/en\/wp-content\/uploads\/2020\/07\/image-75.png 748w\" sizes=\"auto, (max-width: 740px) 100vw, 740px\" \/><\/figure>\n\n\n\n<p>The next morning, we went to Durle\u0219ti again. After waiting for a while, we saw the deputy coming out of the gate. Asked to specify why he did not declare the house in his declaration of assets, Furculi\u021b\u0103 said that he donated the plots to the children, and the house is still under construction.<\/p>\n\n\n\n<p><em>\u201cThere is an authorization. The house is not yet put into operation. The children are still working. The owner of the house will take care to put it into operation, legally. We will decide who will be the owner,\u201d<\/em> Furculi\u021b\u0103 explained.<\/p>\n\n\n\n<p>While one of the neighbors greeted the deputy, and another told us that the Furculi\u021b\u0103 family has lived in the house in Durle\u0219ti for more than a year, the socialist claims that it is not their permanent dwelling place.<\/p>\n\n\n\n<p><em>&#8220;I came to check if everything is fine,\u201d<\/em> he said.<\/p>\n\n\n\n<p>ZdG asked the deputy about the neighbors\u2019 statements. The deputy said that he only comes to Durle\u0219ti from time to time and that he actually lives in his apartment in Gheorghe Asachi Street.&nbsp;<\/p>\n\n\n\n<p>\u201cWell, the neighbors cannot know everything. I do not live here,\u201d the leader of the Socialist Party parliamentary faction insisted.\u00a0\u00a0<\/p>\n\n\n\n<figure class=\"wp-block-image size-large\"><img loading=\"lazy\" decoding=\"async\" width=\"740\" height=\"470\" src=\"https:\/\/zdg.md\/en\/wp-content\/uploads\/2020\/07\/image-74-740x470.png\" alt=\"\" class=\"wp-image-4180\" srcset=\"https:\/\/www.zdg.md\/en\/wp-content\/uploads\/2020\/07\/image-74-740x470.png 740w, https:\/\/www.zdg.md\/en\/wp-content\/uploads\/2020\/07\/image-74-360x228.png 360w, https:\/\/www.zdg.md\/en\/wp-content\/uploads\/2020\/07\/image-74.png 747w\" sizes=\"auto, (max-width: 740px) 100vw, 740px\" \/><\/figure>\n\n\n\n<p>After this statement, we also contacted one of Furculi\u021b\u0103&#8217;s neighbors from the apartment on Gheorghe Asachi Street. Furculi\u021b\u0103\u2019s neighbor told us that his apartment is under surveillance, but the deputy has not lived there for a long time. The neighbor also mentioned that the deputy comes to the apartment occasionally.<\/p>\n\n\n\n<h2 class=\"wp-block-heading\"><strong>A Family Investment<\/strong><\/h2>\n\n\n\n<p>Asked from what financial sources they built the house, the deputy told us that it is a family investment and that more persons participated in the construction.<\/p>\n\n\n\n<p><em>\u201cMy declaration of assets and personal interests includes my wife&#8217;s and my salaries and they are quite good.<\/em> <em>If you compare incomes and expenses, you will see that we still have money left. Apart from that, I am the founder of several companies. I can afford it,\u201d<\/em> Furculi\u021b\u0103 pointed.<\/p>\n\n\n\n<p>ZdG asked Furculi\u021b\u0103 about the two cars, he declared and which his family owns and uses. The deputy told us that the two cars are the property of the company Exclusiv Media, of which he is the founder.<\/p>\n\n\n\n<p class=\"has-text-color has-very-dark-gray-color\"><em><strong>\u201cI assure you that in terms of declarations of assets and personal interests, everything is perfect,\u201d<\/strong><\/em> concluded the leader of the Socialist Party parliamentary faction.<\/p>\n\n\n\n<h2 class=\"wp-block-heading\"><strong>Jumping from Private Field into Politics<\/strong><\/h2>\n\n\n\n<p>Furculi\u021b\u0103 is originally from Sadova village, C\u0103l\u0103ra\u0219i district, the center of Moldova, the same village as President Igor Dodon. The residents from Sadova told us that Furculi\u021b\u0103 comes from a modest family; his father was a teacher, as well as his mother.<\/p>\n\n\n\n<p>According to the deputy&#8217;s CV, Furculi\u021b\u0103 worked in the private sector before becoming a deputy in the Socialist Party parliamentary faction. For 12 years, he held several positions. He was a lawyer, a financial director, a commercial director, and an administrator. He did not indicate the companies he worked for.&nbsp;<\/p>\n\n\n\n<p>Furculi\u021b\u0103 and Dodon know each other for a long time. The deputy was previously a member of the Board of Directors of the C\u0103l\u0103ra\u0219i Cannery factory, managed by relatives of the presidential family.<\/p>\n\n\n\n<p>Indirectly, the deputy is also linked to the Hunter Elit Club company. Until 2017, the company had its legal headquarters in Furculi\u021b\u0103&#8217;s apartment on Gheorghe Asachi Street, where the company Exclusiv Media is actually registered.\u00a0<\/p>\n\n\n\n<figure class=\"wp-block-image size-large\"><img loading=\"lazy\" decoding=\"async\" width=\"740\" height=\"472\" src=\"https:\/\/zdg.md\/en\/wp-content\/uploads\/2020\/07\/image-73-740x472.png\" alt=\"\" class=\"wp-image-4179\" srcset=\"https:\/\/www.zdg.md\/en\/wp-content\/uploads\/2020\/07\/image-73-740x472.png 740w, https:\/\/www.zdg.md\/en\/wp-content\/uploads\/2020\/07\/image-73-360x230.png 360w, https:\/\/www.zdg.md\/en\/wp-content\/uploads\/2020\/07\/image-73.png 749w\" sizes=\"auto, (max-width: 740px) 100vw, 740px\" \/><\/figure>\n\n\n\n<p>Hunter Elit Club was founded by Oleg Teterea, former socialist deputy and one of Dodon&#8217;s oldest friends, and by Ghenadie Merineanu, the Dodon&#8217;s brother-in-law. In 2013, Veaceslav Anghel, who was also an associate of Exclusiv Media, became the owner and administrator of the company. Previously, the company concluded with Moldsilva leases of several hectares of forest. In 2013, the Supreme Court of Justice ordered the termination of these leases.<\/p>\n\n\n\n<p>ZdG asked Furculi\u021b\u0103 about his previous jobs and the companies he worked for, but the deputy told us that it was the private filed.<\/p>\n\n\n\n<p><em>\u201cIt is a private field and it targets not only my activity but also the activity of the companies where I worked. Therefore, those entrepreneurs, with whom I was a partner, do not want to be involved with politics, appear in newspapers, and so on. It is a private domain,\u201d<\/em> declared the Socialist Party deputy.<\/p>\n\n\n\n<h2 class=\"wp-block-heading\"><strong>The Media Empire Managed by the Furculi\u021b\u0103 Family<\/strong><\/h2>\n\n\n\n<p>Furculi\u021b\u0103 is the founder of Exclusiv Media, which holds the media empire affiliated to the Socialist Party. Furculi\u021b\u0103\u2019s wife, Ludmila Furculi\u021b\u0103, manages the company. She is a colleague of Galina Dodon, the president&#8217;s wife, who is the financial director at Exclusiv Media. Recently, Tatiana \u021aaulean, the wife of the Socialist Party member Ion Ceban, mayor of Chi\u0219inau, was also employed at this company.\u00a0<\/p>\n\n\n\n<div class=\"wp-block-image\"><figure class=\"alignright size-large is-resized\"><img loading=\"lazy\" decoding=\"async\" src=\"https:\/\/zdg.md\/en\/wp-content\/uploads\/2020\/07\/image-72.png\" alt=\"\" class=\"wp-image-4178\" width=\"260\" height=\"360\" srcset=\"https:\/\/www.zdg.md\/en\/wp-content\/uploads\/2020\/07\/image-72.png 361w, https:\/\/www.zdg.md\/en\/wp-content\/uploads\/2020\/07\/image-72-260x360.png 260w\" sizes=\"auto, (max-width: 260px) 100vw, 260px\" \/><\/figure><\/div>\n\n\n\n<p>The company was registered in October 2011, one month before Dodon, Zinaida Grecean\u00eei, the President of the Parliament and member of the Socialist Party, and Ceban left the Communist Party.&nbsp;<\/p>\n\n\n\n<p>Initially, the company was managing the Russian-language newspaper Argumenty i Facty. Later, the company took over several media projects.<\/p>\n\n\n\n<p>Exclusiv Media manages the NTV Moldova station, a television that actively promotes the interests of the Socialist Party. The company is also the owner of the Russian-language newspaper Argumenty i Facty. In 2017, the company launched the entertainment project ExclusivTV, which broadcasts entertainment shows of the Russian TV station THT-Comedy. Accent TV is one of the partners of Exclusiv Media.<\/p>\n\n\n\n<figure class=\"wp-block-image size-large\"><img loading=\"lazy\" decoding=\"async\" width=\"740\" height=\"441\" src=\"https:\/\/zdg.md\/en\/wp-content\/uploads\/2020\/07\/image-71-740x441.png\" alt=\"\" class=\"wp-image-4177\" srcset=\"https:\/\/www.zdg.md\/en\/wp-content\/uploads\/2020\/07\/image-71-740x441.png 740w, https:\/\/www.zdg.md\/en\/wp-content\/uploads\/2020\/07\/image-71-360x214.png 360w, https:\/\/www.zdg.md\/en\/wp-content\/uploads\/2020\/07\/image-71.png 749w\" sizes=\"auto, (max-width: 740px) 100vw, 740px\" \/><\/figure>\n\n\n\n<p>Previously, Veaceslav Anghel, a fellow villager of Dodon was the founder and administrator of the company. Anghel ran for November 2014 parliamentary elections on the list of the Socialist Party. In the February 2019 parliamentary elections, Anghel was the candidate of the Socialist Party in Constituency no. 20, but failed to win the constituency.&nbsp;<\/p>\n\n\n\n<p>His functions were later taken over by Corneliu Furculi\u021b\u0103, as well as by the socialist Petru Burduja before Furculi\u021b\u0103&#8217;s wife would take over the administration of the company.<\/p>\n\n\n\n<p>Furculi\u021b\u0103 and Petru Burduja, a Socialist Party member, took over the management of the company from Anghel. And later on, the two Socialist Party members passed the management of the company to Furculi\u021b\u0103\u2019s wife.&nbsp;<\/p>\n\n\n\n<h2 class=\"wp-block-heading\"><strong>Furculi\u021b\u0103&#8217;s Wife, Dodon\u2019s Wife, and the Mayor\u2019s Wife are Colleagues<\/strong><\/h2>\n\n\n\n<p>In 2019, Ludmila Furculi\u021b\u0103 received at Exclusiv Media a salary of over 11,000 euros (215,000 lei), which is almost 2,000 euros (40,000 lei) more than her husband received as deputy. In the previous years, when Ludmila Furculi\u021b\u0103 was employed at Exclusiv Media, her salary was higher than that of her husband, yet it was lower than that of Dodon\u2019s wife, who reported an official income of about 20,000 euros (395,000 lei) in 2019.&nbsp;<\/p>\n\n\n\n<p>In 2017, Exclusiv Media founded Exclusiv Sales House, a company that has the right to place advertising on TV stations, managed by Exclusiv Media.<\/p>\n\n\n\n<p>In a short time, the advertising market controlled by Casa Media Corp, affiliated to Moldova\u2019s oligarch, Vladimir Plahotniuc, ended up in the hands of Exclusiv Sales House, which in 2018 had a turnover of about \u20ac2.04 million (40 million lei) and over 51,000 euros (1 million lei) profit.<\/p>\n\n\n\n<p>Exclusiv Media has its headquarters on Ion Neculce Street, downtown Chi\u0219in\u0103u. In 2015, the company purchased from the JLC company an area of about 370 square meters. Two years later, Exclusiv Media bought another area of 120 square meters at the same address.<\/p>\n\n\n\n<p>The transaction had been concluded with Eurobloc company, the owner of the first area bought by Furculi\u021b\u0103&#8217;s company. The studios of the NTV Moldova television station are also located on Ion Neculce Street, next to the Exclusiv Media headquarters.<\/p>\n\n\n\n<figure class=\"wp-block-image size-large\"><img loading=\"lazy\" decoding=\"async\" width=\"740\" height=\"388\" src=\"https:\/\/zdg.md\/en\/wp-content\/uploads\/2020\/07\/image-70-740x388.png\" alt=\"\" class=\"wp-image-4176\" srcset=\"https:\/\/www.zdg.md\/en\/wp-content\/uploads\/2020\/07\/image-70-740x388.png 740w, https:\/\/www.zdg.md\/en\/wp-content\/uploads\/2020\/07\/image-70-360x189.png 360w, https:\/\/www.zdg.md\/en\/wp-content\/uploads\/2020\/07\/image-70.png 746w\" sizes=\"auto, (max-width: 740px) 100vw, 740px\" \/><\/figure>\n\n\n\n<p>In addition to Exclusiv Media, Furculi\u021b\u0103 is a sole shareholder at Poliactiv company, whose licensed activity is in construction. Ludmila Furculi\u021b\u0103 is the administrator of the company.<\/p>\n\n\n\n<ul class=\"wp-block-list\"><li><a href=\"https:\/\/zdg.md\/en\/?p=1991\"><strong>The Change of Government Brings a New Media Market Redistribution<\/strong><\/a><\/li><\/ul>\n\n\n\n<h2 class=\"wp-block-heading\"><strong>The Man With the Money<\/strong><\/h2>\n\n\n\n<p>Furculi\u021b\u0103 is a key-person mentioned in the investigation of RISE Moldova, an investigative media outlet. RISE investigated a scheme through which the Socialist Party would have received sponsorships of millions from an offshore company a few months before the 2016 presidential elections. Later on, the money would have got to people close to the party through contract loans.&nbsp;<\/p>\n\n\n\n<p>In 2016, prosecutors filed a lawsuit for alleged money laundering. The investigation revealed that in February 2016, Exclusiv Media received on its account over \u20ac1.49 million from Westerby, an offshore company registered in the Bahamas.&nbsp;<\/p>\n\n\n\n<p>Subsequently, in March-April 2016, Burduja, deputy of the Socialist Party and Furculi\u021b\u0103\u2019s wife withdrew from the company&#8217;s accounts over \u20ac1.02 million (20 million lei). They claimed that they are returning to people the money received as financial assistance.\u00a0\u00a0<\/p>\n\n\n\n<ul class=\"wp-block-list\"><li><a href=\"https:\/\/zdg.md\/en\/?p=2447\"><strong>What\u2019s the Relation Between the Socialist Party Foreign Funding and the Bahamas Operation?<\/strong><\/a><\/li><\/ul>\n\n\n\n<h2 class=\"wp-block-heading\"><strong>The Black Plastic Bag Case<\/strong><\/h2>\n\n\n\n<p>Recently, Furculi\u021b\u0103 was in the public eye again due to the video images of the meeting between Dodon and Plahotniuc at which Plahotniuc handed Dodon a black plastic bag.<\/p>\n\n\n\n<ul class=\"wp-block-list\"><li><strong><a href=\"https:\/\/zdg.md\/en\/?p=3722\">The Anticorruption Prosecutor\u2019s Office Concluded the Investigation Regarding the Back Plastic Bag<\/a><\/strong><\/li><li><a href=\"https:\/\/zdg.md\/en\/?p=3318\"><strong>Moldova: a Country Trapped in Oligarchs\u2019 Black Plastic Bags<\/strong><\/a><\/li><\/ul>\n\n\n\n<p>It was rumored in the public space that Furculi\u021b\u0103 would be the &#8220;Cornel&#8221; to whom &#8220;Costea&#8221; had to pass the &#8220;black plastic bag&#8221; to pay the \u201csalaries\u201d. The deputy specified then that it is a fake.<\/p>\n\n\n\n<p><em>\u201cI am neither an accountant nor a cashier, to give salaries. Moreover, this is not the President\u2019s manner of expression,\u201d<\/em> stated Furculi\u021b\u0103 during a show on NTV TV station, owned by his company.<\/p>\n\n\n\n<figure class=\"wp-block-image size-large\"><img loading=\"lazy\" decoding=\"async\" width=\"740\" height=\"408\" src=\"https:\/\/zdg.md\/en\/wp-content\/uploads\/2020\/07\/image-69-740x408.png\" alt=\"\" class=\"wp-image-4173\" srcset=\"https:\/\/www.zdg.md\/en\/wp-content\/uploads\/2020\/07\/image-69-740x408.png 740w, https:\/\/www.zdg.md\/en\/wp-content\/uploads\/2020\/07\/image-69-360x198.png 360w, https:\/\/www.zdg.md\/en\/wp-content\/uploads\/2020\/07\/image-69.png 746w\" sizes=\"auto, (max-width: 740px) 100vw, 740px\" \/><\/figure>\n\n\n\n<p>Shortly after those videos, Furculi\u021b\u0103 became a topic of discussion again. An anonymous message appeared in the public space, accompanied by images with several papers. The paper apparently featured some dated receipts, on which sums of money were indicated, accompanied by a signature similar to that of Furculi\u021b\u0103. The rumor spread that these so-called bills would be proof of the money received by Dodon from Plahotniuc.\u00a0<\/p>\n\n\n\n<figure class=\"wp-block-image size-large\"><img loading=\"lazy\" decoding=\"async\" width=\"740\" height=\"413\" src=\"https:\/\/zdg.md\/en\/wp-content\/uploads\/2020\/07\/image-68-740x413.png\" alt=\"\" class=\"wp-image-4172\" srcset=\"https:\/\/www.zdg.md\/en\/wp-content\/uploads\/2020\/07\/image-68-740x413.png 740w, https:\/\/www.zdg.md\/en\/wp-content\/uploads\/2020\/07\/image-68-360x201.png 360w, https:\/\/www.zdg.md\/en\/wp-content\/uploads\/2020\/07\/image-68.png 748w\" sizes=\"auto, (max-width: 740px) 100vw, 740px\" \/><\/figure>\n\n\n\n<p>The deputy stated that the so-called invoices are a fake.&nbsp;<\/p>\n\n\n\n<p><em>As I have already stated, the progress of the investigation into the billion theft case, aiming to bring to justice those responsible for the biggest theft in the country&#8217;s history, causes some to go into hysteria and launch more and more fakes to divert attention from the investigation. The misleading information should not influence the process of finding out the truth, the prosecution of those guilty in the &#8220;theft of the century&#8221;, and the confiscation of their property,\u201d <\/em>Furculi\u021b\u0103 stated.&nbsp;<\/p>\n\n\n\n<p>Later, Furculi\u021b\u0103 asked the General Prosecutor&#8217;s Office to identify the author of the anonymous message and to establish the authenticity of the signatures.<\/p>\n","protected":false},"excerpt":{"rendered":"<p>Corneliu Furculi\u021b\u0103 is the head of the Socialist Party parliamentary faction and a close person to the presidential family. ZdG analyzed his declaration of assets and found some inaccuracies.&nbsp; Firstly, the deputy and his family do not live in a 67 square meters apartment in Chi\u0219in\u0103u, as he claims, but in a three-level house in&#8230;<\/p>\n","protected":false},"author":9,"featured_media":4169,"comment_status":"open","ping_status":"open","sticky":true,"template":"","format":"standard","meta":{"_acf_changed":false,"inline_featured_image":false,"footnotes":""},"categories":[3],"tags":[],"autor":[113],"class_list":["post-4168","post","type-post","status-publish","format-standard","has-post-thumbnail","hentry","category-investigations","autor-diana-gatcan"],"acf":[],"yoast_head":"<!-- This site is optimized with the Yoast SEO plugin v24.3 - https:\/\/yoast.com\/wordpress\/plugins\/seo\/ -->\n<title>The &quot;Unfinished&quot; and Undeclared Three-Level House of the Leader of the Socialist Parliamentary Faction - Ziarul de Gard\u0103<\/title>\n<meta name=\"robots\" content=\"index, follow, max-snippet:-1, max-image-preview:large, max-video-preview:-1\" \/>\n<link rel=\"canonical\" href=\"https:\/\/www.zdg.md\/en\/the-unfinished-and-undeclared-three-level-house-of-the-leader-of-the-socialist-faction-in-parliament\/\" \/>\n<meta property=\"og:locale\" content=\"en_US\" \/>\n<meta property=\"og:type\" content=\"article\" \/>\n<meta property=\"og:title\" content=\"The &quot;Unfinished&quot; and Undeclared Three-Level House of the Leader of the Socialist Parliamentary Faction - Ziarul de Gard\u0103\" \/>\n<meta property=\"og:description\" content=\"Corneliu Furculi\u021b\u0103 is the head of the Socialist Party parliamentary faction and a close person to the presidential family. ZdG analyzed his declaration of assets and found some inaccuracies.&nbsp; Firstly, the deputy and his family do not live in a 67 square meters apartment in Chi\u0219in\u0103u, as he claims, but in a three-level house in...\" \/>\n<meta property=\"og:url\" content=\"https:\/\/www.zdg.md\/en\/the-unfinished-and-undeclared-three-level-house-of-the-leader-of-the-socialist-faction-in-parliament\/\" \/>\n<meta property=\"og:site_name\" content=\"Ziarul de Gard\u0103\" \/>\n<meta property=\"article:publisher\" content=\"https:\/\/www.facebook.com\/zdg.md\" \/>\n<meta property=\"article:published_time\" content=\"2020-07-18T12:53:00+00:00\" \/>\n<meta property=\"article:modified_time\" content=\"2020-07-21T18:22:26+00:00\" \/>\n<meta property=\"og:image\" content=\"https:\/\/www.zdg.md\/en\/wp-content\/uploads\/2020\/07\/casa-lui-Corneliu-Furculita-1920x1020-c-default.jpg\" \/>\n\t<meta property=\"og:image:width\" content=\"1920\" \/>\n\t<meta property=\"og:image:height\" content=\"1020\" \/>\n\t<meta property=\"og:image:type\" content=\"image\/jpeg\" \/>\n<meta name=\"author\" content=\"Cristina Carmanu\" \/>\n<meta name=\"twitter:card\" content=\"summary_large_image\" \/>\n<meta name=\"twitter:creator\" content=\"@ZiarulDe\" \/>\n<meta name=\"twitter:site\" content=\"@ZiarulDe\" \/>\n<meta name=\"twitter:label1\" content=\"Written by\" \/>\n\t<meta name=\"twitter:data1\" content=\"Cristina Carmanu\" \/>\n\t<meta name=\"twitter:label2\" content=\"Est. reading time\" \/>\n\t<meta name=\"twitter:data2\" content=\"12 minutes\" \/>\n<script type=\"application\/ld+json\" class=\"yoast-schema-graph\">{\"@context\":\"https:\/\/schema.org\",\"@graph\":[{\"@type\":\"Article\",\"@id\":\"https:\/\/www.zdg.md\/en\/the-unfinished-and-undeclared-three-level-house-of-the-leader-of-the-socialist-faction-in-parliament\/#article\",\"isPartOf\":{\"@id\":\"https:\/\/www.zdg.md\/en\/the-unfinished-and-undeclared-three-level-house-of-the-leader-of-the-socialist-faction-in-parliament\/\"},\"author\":{\"name\":\"Cristina Carmanu\",\"@id\":\"https:\/\/www.zdg.md\/en\/#\/schema\/person\/d623cbc9e196fec78044598c7c770cc9\"},\"headline\":\"The &#8220;Unfinished&#8221; and Undeclared Three-Level House of the Leader of the Socialist Parliamentary Faction\",\"datePublished\":\"2020-07-18T12:53:00+00:00\",\"dateModified\":\"2020-07-21T18:22:26+00:00\",\"mainEntityOfPage\":{\"@id\":\"https:\/\/www.zdg.md\/en\/the-unfinished-and-undeclared-three-level-house-of-the-leader-of-the-socialist-faction-in-parliament\/\"},\"wordCount\":2354,\"commentCount\":0,\"publisher\":{\"@id\":\"https:\/\/www.zdg.md\/en\/#organization\"},\"image\":{\"@id\":\"https:\/\/www.zdg.md\/en\/the-unfinished-and-undeclared-three-level-house-of-the-leader-of-the-socialist-faction-in-parliament\/#primaryimage\"},\"thumbnailUrl\":\"https:\/\/www.zdg.md\/en\/wp-content\/uploads\/2020\/07\/casa-lui-Corneliu-Furculita-1920x1020-c-default.jpg\",\"articleSection\":[\"Investigations\"],\"inLanguage\":\"en-US\",\"potentialAction\":[{\"@type\":\"CommentAction\",\"name\":\"Comment\",\"target\":[\"https:\/\/www.zdg.md\/en\/the-unfinished-and-undeclared-three-level-house-of-the-leader-of-the-socialist-faction-in-parliament\/#respond\"]}]},{\"@type\":\"WebPage\",\"@id\":\"https:\/\/www.zdg.md\/en\/the-unfinished-and-undeclared-three-level-house-of-the-leader-of-the-socialist-faction-in-parliament\/\",\"url\":\"https:\/\/www.zdg.md\/en\/the-unfinished-and-undeclared-three-level-house-of-the-leader-of-the-socialist-faction-in-parliament\/\",\"name\":\"The \\\"Unfinished\\\" and Undeclared Three-Level House of the Leader of the Socialist Parliamentary Faction - Ziarul de Gard\u0103\",\"isPartOf\":{\"@id\":\"https:\/\/www.zdg.md\/en\/#website\"},\"primaryImageOfPage\":{\"@id\":\"https:\/\/www.zdg.md\/en\/the-unfinished-and-undeclared-three-level-house-of-the-leader-of-the-socialist-faction-in-parliament\/#primaryimage\"},\"image\":{\"@id\":\"https:\/\/www.zdg.md\/en\/the-unfinished-and-undeclared-three-level-house-of-the-leader-of-the-socialist-faction-in-parliament\/#primaryimage\"},\"thumbnailUrl\":\"https:\/\/www.zdg.md\/en\/wp-content\/uploads\/2020\/07\/casa-lui-Corneliu-Furculita-1920x1020-c-default.jpg\",\"datePublished\":\"2020-07-18T12:53:00+00:00\",\"dateModified\":\"2020-07-21T18:22:26+00:00\",\"breadcrumb\":{\"@id\":\"https:\/\/www.zdg.md\/en\/the-unfinished-and-undeclared-three-level-house-of-the-leader-of-the-socialist-faction-in-parliament\/#breadcrumb\"},\"inLanguage\":\"en-US\",\"potentialAction\":[{\"@type\":\"ReadAction\",\"target\":[\"https:\/\/www.zdg.md\/en\/the-unfinished-and-undeclared-three-level-house-of-the-leader-of-the-socialist-faction-in-parliament\/\"]}]},{\"@type\":\"ImageObject\",\"inLanguage\":\"en-US\",\"@id\":\"https:\/\/www.zdg.md\/en\/the-unfinished-and-undeclared-three-level-house-of-the-leader-of-the-socialist-faction-in-parliament\/#primaryimage\",\"url\":\"https:\/\/www.zdg.md\/en\/wp-content\/uploads\/2020\/07\/casa-lui-Corneliu-Furculita-1920x1020-c-default.jpg\",\"contentUrl\":\"https:\/\/www.zdg.md\/en\/wp-content\/uploads\/2020\/07\/casa-lui-Corneliu-Furculita-1920x1020-c-default.jpg\",\"width\":1920,\"height\":1020},{\"@type\":\"BreadcrumbList\",\"@id\":\"https:\/\/www.zdg.md\/en\/the-unfinished-and-undeclared-three-level-house-of-the-leader-of-the-socialist-faction-in-parliament\/#breadcrumb\",\"itemListElement\":[{\"@type\":\"ListItem\",\"position\":1,\"name\":\"Home\",\"item\":\"https:\/\/www.zdg.md\/en\/\"},{\"@type\":\"ListItem\",\"position\":2,\"name\":\"The &#8220;Unfinished&#8221; and Undeclared Three-Level House of the Leader of the Socialist Parliamentary Faction\"}]},{\"@type\":\"WebSite\",\"@id\":\"https:\/\/www.zdg.md\/en\/#website\",\"url\":\"https:\/\/www.zdg.md\/en\/\",\"name\":\"Ziarul de Gard\u0103\",\"description\":\"The only investigative newspaper in the Republic of Moldova\",\"publisher\":{\"@id\":\"https:\/\/www.zdg.md\/en\/#organization\"},\"potentialAction\":[{\"@type\":\"SearchAction\",\"target\":{\"@type\":\"EntryPoint\",\"urlTemplate\":\"https:\/\/www.zdg.md\/en\/?s={search_term_string}\"},\"query-input\":{\"@type\":\"PropertyValueSpecification\",\"valueRequired\":true,\"valueName\":\"search_term_string\"}}],\"inLanguage\":\"en-US\"},{\"@type\":\"Organization\",\"@id\":\"https:\/\/www.zdg.md\/en\/#organization\",\"name\":\"Ziarul de Gard\u0103\",\"url\":\"https:\/\/www.zdg.md\/en\/\",\"logo\":{\"@type\":\"ImageObject\",\"inLanguage\":\"en-US\",\"@id\":\"https:\/\/www.zdg.md\/en\/#\/schema\/logo\/image\/\",\"url\":\"https:\/\/www.zdg.md\/en\/wp-content\/uploads\/2025\/01\/logo-footer-1.svg\",\"contentUrl\":\"https:\/\/www.zdg.md\/en\/wp-content\/uploads\/2025\/01\/logo-footer-1.svg\",\"width\":124,\"height\":71,\"caption\":\"Ziarul de Gard\u0103\"},\"image\":{\"@id\":\"https:\/\/www.zdg.md\/en\/#\/schema\/logo\/image\/\"},\"sameAs\":[\"https:\/\/www.facebook.com\/zdg.md\",\"https:\/\/x.com\/ZiarulDe\"]},{\"@type\":\"Person\",\"@id\":\"https:\/\/www.zdg.md\/en\/#\/schema\/person\/d623cbc9e196fec78044598c7c770cc9\",\"name\":\"Cristina Carmanu\",\"image\":{\"@type\":\"ImageObject\",\"inLanguage\":\"en-US\",\"@id\":\"https:\/\/www.zdg.md\/en\/#\/schema\/person\/image\/\",\"url\":\"https:\/\/secure.gravatar.com\/avatar\/8d452f3d4bfb8e58e461d22691afcc6e?s=96&d=mm&r=g\",\"contentUrl\":\"https:\/\/secure.gravatar.com\/avatar\/8d452f3d4bfb8e58e461d22691afcc6e?s=96&d=mm&r=g\",\"caption\":\"Cristina Carmanu\"},\"url\":\"https:\/\/www.zdg.md\/en\/author\/cristina\/\"}]}<\/script>\n<!-- \/ Yoast SEO plugin. -->","yoast_head_json":{"title":"The \"Unfinished\" and Undeclared Three-Level House of the Leader of the Socialist Parliamentary Faction - Ziarul de Gard\u0103","robots":{"index":"index","follow":"follow","max-snippet":"max-snippet:-1","max-image-preview":"max-image-preview:large","max-video-preview":"max-video-preview:-1"},"canonical":"https:\/\/www.zdg.md\/en\/the-unfinished-and-undeclared-three-level-house-of-the-leader-of-the-socialist-faction-in-parliament\/","og_locale":"en_US","og_type":"article","og_title":"The \"Unfinished\" and Undeclared Three-Level House of the Leader of the Socialist Parliamentary Faction - Ziarul de Gard\u0103","og_description":"Corneliu Furculi\u021b\u0103 is the head of the Socialist Party parliamentary faction and a close person to the presidential family. ZdG analyzed his declaration of assets and found some inaccuracies.&nbsp; Firstly, the deputy and his family do not live in a 67 square meters apartment in Chi\u0219in\u0103u, as he claims, but in a three-level house in...","og_url":"https:\/\/www.zdg.md\/en\/the-unfinished-and-undeclared-three-level-house-of-the-leader-of-the-socialist-faction-in-parliament\/","og_site_name":"Ziarul de Gard\u0103","article_publisher":"https:\/\/www.facebook.com\/zdg.md","article_published_time":"2020-07-18T12:53:00+00:00","article_modified_time":"2020-07-21T18:22:26+00:00","og_image":[{"width":1920,"height":1020,"url":"https:\/\/www.zdg.md\/en\/wp-content\/uploads\/2020\/07\/casa-lui-Corneliu-Furculita-1920x1020-c-default.jpg","type":"image\/jpeg"}],"author":"Cristina Carmanu","twitter_card":"summary_large_image","twitter_creator":"@ZiarulDe","twitter_site":"@ZiarulDe","twitter_misc":{"Written by":"Cristina Carmanu","Est. reading time":"12 minutes"},"schema":{"@context":"https:\/\/schema.org","@graph":[{"@type":"Article","@id":"https:\/\/www.zdg.md\/en\/the-unfinished-and-undeclared-three-level-house-of-the-leader-of-the-socialist-faction-in-parliament\/#article","isPartOf":{"@id":"https:\/\/www.zdg.md\/en\/the-unfinished-and-undeclared-three-level-house-of-the-leader-of-the-socialist-faction-in-parliament\/"},"author":{"name":"Cristina Carmanu","@id":"https:\/\/www.zdg.md\/en\/#\/schema\/person\/d623cbc9e196fec78044598c7c770cc9"},"headline":"The &#8220;Unfinished&#8221; and Undeclared Three-Level House of the Leader of the Socialist Parliamentary Faction","datePublished":"2020-07-18T12:53:00+00:00","dateModified":"2020-07-21T18:22:26+00:00","mainEntityOfPage":{"@id":"https:\/\/www.zdg.md\/en\/the-unfinished-and-undeclared-three-level-house-of-the-leader-of-the-socialist-faction-in-parliament\/"},"wordCount":2354,"commentCount":0,"publisher":{"@id":"https:\/\/www.zdg.md\/en\/#organization"},"image":{"@id":"https:\/\/www.zdg.md\/en\/the-unfinished-and-undeclared-three-level-house-of-the-leader-of-the-socialist-faction-in-parliament\/#primaryimage"},"thumbnailUrl":"https:\/\/www.zdg.md\/en\/wp-content\/uploads\/2020\/07\/casa-lui-Corneliu-Furculita-1920x1020-c-default.jpg","articleSection":["Investigations"],"inLanguage":"en-US","potentialAction":[{"@type":"CommentAction","name":"Comment","target":["https:\/\/www.zdg.md\/en\/the-unfinished-and-undeclared-three-level-house-of-the-leader-of-the-socialist-faction-in-parliament\/#respond"]}]},{"@type":"WebPage","@id":"https:\/\/www.zdg.md\/en\/the-unfinished-and-undeclared-three-level-house-of-the-leader-of-the-socialist-faction-in-parliament\/","url":"https:\/\/www.zdg.md\/en\/the-unfinished-and-undeclared-three-level-house-of-the-leader-of-the-socialist-faction-in-parliament\/","name":"The \"Unfinished\" and Undeclared Three-Level House of the Leader of the Socialist Parliamentary Faction - Ziarul de Gard\u0103","isPartOf":{"@id":"https:\/\/www.zdg.md\/en\/#website"},"primaryImageOfPage":{"@id":"https:\/\/www.zdg.md\/en\/the-unfinished-and-undeclared-three-level-house-of-the-leader-of-the-socialist-faction-in-parliament\/#primaryimage"},"image":{"@id":"https:\/\/www.zdg.md\/en\/the-unfinished-and-undeclared-three-level-house-of-the-leader-of-the-socialist-faction-in-parliament\/#primaryimage"},"thumbnailUrl":"https:\/\/www.zdg.md\/en\/wp-content\/uploads\/2020\/07\/casa-lui-Corneliu-Furculita-1920x1020-c-default.jpg","datePublished":"2020-07-18T12:53:00+00:00","dateModified":"2020-07-21T18:22:26+00:00","breadcrumb":{"@id":"https:\/\/www.zdg.md\/en\/the-unfinished-and-undeclared-three-level-house-of-the-leader-of-the-socialist-faction-in-parliament\/#breadcrumb"},"inLanguage":"en-US","potentialAction":[{"@type":"ReadAction","target":["https:\/\/www.zdg.md\/en\/the-unfinished-and-undeclared-three-level-house-of-the-leader-of-the-socialist-faction-in-parliament\/"]}]},{"@type":"ImageObject","inLanguage":"en-US","@id":"https:\/\/www.zdg.md\/en\/the-unfinished-and-undeclared-three-level-house-of-the-leader-of-the-socialist-faction-in-parliament\/#primaryimage","url":"https:\/\/www.zdg.md\/en\/wp-content\/uploads\/2020\/07\/casa-lui-Corneliu-Furculita-1920x1020-c-default.jpg","contentUrl":"https:\/\/www.zdg.md\/en\/wp-content\/uploads\/2020\/07\/casa-lui-Corneliu-Furculita-1920x1020-c-default.jpg","width":1920,"height":1020},{"@type":"BreadcrumbList","@id":"https:\/\/www.zdg.md\/en\/the-unfinished-and-undeclared-three-level-house-of-the-leader-of-the-socialist-faction-in-parliament\/#breadcrumb","itemListElement":[{"@type":"ListItem","position":1,"name":"Home","item":"https:\/\/www.zdg.md\/en\/"},{"@type":"ListItem","position":2,"name":"The &#8220;Unfinished&#8221; and Undeclared Three-Level House of the Leader of the Socialist Parliamentary Faction"}]},{"@type":"WebSite","@id":"https:\/\/www.zdg.md\/en\/#website","url":"https:\/\/www.zdg.md\/en\/","name":"Ziarul de Gard\u0103","description":"The only investigative newspaper in the Republic of Moldova","publisher":{"@id":"https:\/\/www.zdg.md\/en\/#organization"},"potentialAction":[{"@type":"SearchAction","target":{"@type":"EntryPoint","urlTemplate":"https:\/\/www.zdg.md\/en\/?s={search_term_string}"},"query-input":{"@type":"PropertyValueSpecification","valueRequired":true,"valueName":"search_term_string"}}],"inLanguage":"en-US"},{"@type":"Organization","@id":"https:\/\/www.zdg.md\/en\/#organization","name":"Ziarul de Gard\u0103","url":"https:\/\/www.zdg.md\/en\/","logo":{"@type":"ImageObject","inLanguage":"en-US","@id":"https:\/\/www.zdg.md\/en\/#\/schema\/logo\/image\/","url":"https:\/\/www.zdg.md\/en\/wp-content\/uploads\/2025\/01\/logo-footer-1.svg","contentUrl":"https:\/\/www.zdg.md\/en\/wp-content\/uploads\/2025\/01\/logo-footer-1.svg","width":124,"height":71,"caption":"Ziarul de Gard\u0103"},"image":{"@id":"https:\/\/www.zdg.md\/en\/#\/schema\/logo\/image\/"},"sameAs":["https:\/\/www.facebook.com\/zdg.md","https:\/\/x.com\/ZiarulDe"]},{"@type":"Person","@id":"https:\/\/www.zdg.md\/en\/#\/schema\/person\/d623cbc9e196fec78044598c7c770cc9","name":"Cristina Carmanu","image":{"@type":"ImageObject","inLanguage":"en-US","@id":"https:\/\/www.zdg.md\/en\/#\/schema\/person\/image\/","url":"https:\/\/secure.gravatar.com\/avatar\/8d452f3d4bfb8e58e461d22691afcc6e?s=96&d=mm&r=g","contentUrl":"https:\/\/secure.gravatar.com\/avatar\/8d452f3d4bfb8e58e461d22691afcc6e?s=96&d=mm&r=g","caption":"Cristina Carmanu"},"url":"https:\/\/www.zdg.md\/en\/author\/cristina\/"}]}},"_links":{"self":[{"href":"https:\/\/www.zdg.md\/en\/wp-json\/wp\/v2\/posts\/4168","targetHints":{"allow":["GET"]}}],"collection":[{"href":"https:\/\/www.zdg.md\/en\/wp-json\/wp\/v2\/posts"}],"about":[{"href":"https:\/\/www.zdg.md\/en\/wp-json\/wp\/v2\/types\/post"}],"author":[{"embeddable":true,"href":"https:\/\/www.zdg.md\/en\/wp-json\/wp\/v2\/users\/9"}],"replies":[{"embeddable":true,"href":"https:\/\/www.zdg.md\/en\/wp-json\/wp\/v2\/comments?post=4168"}],"version-history":[{"count":0,"href":"https:\/\/www.zdg.md\/en\/wp-json\/wp\/v2\/posts\/4168\/revisions"}],"wp:featuredmedia":[{"embeddable":true,"href":"https:\/\/www.zdg.md\/en\/wp-json\/wp\/v2\/media\/4169"}],"wp:attachment":[{"href":"https:\/\/www.zdg.md\/en\/wp-json\/wp\/v2\/media?parent=4168"}],"wp:term":[{"taxonomy":"category","embeddable":true,"href":"https:\/\/www.zdg.md\/en\/wp-json\/wp\/v2\/categories?post=4168"},{"taxonomy":"post_tag","embeddable":true,"href":"https:\/\/www.zdg.md\/en\/wp-json\/wp\/v2\/tags?post=4168"},{"taxonomy":"autor","embeddable":true,"href":"https:\/\/www.zdg.md\/en\/wp-json\/wp\/v2\/autor?post=4168"}],"curies":[{"name":"wp","href":"https:\/\/api.w.org\/{rel}","templated":true}]}}