{"id":13120,"date":"2024-03-02T04:12:56","date_gmt":"2024-03-02T02:12:56","guid":{"rendered":"https:\/\/www.zdg.md\/en\/?p=13120"},"modified":"2024-03-04T06:19:08","modified_gmt":"2024-03-04T04:19:08","slug":"superior-council-of-prosecutors-president-says-he-would-resign-if-the-member-who-removed-munteanu-from-office-does-not-take-ownership-of-her-decision-by-stepping-down","status":"publish","type":"post","link":"https:\/\/www.zdg.md\/en\/superior-council-of-prosecutors-president-says-he-would-resign-if-the-member-who-removed-munteanu-from-office-does-not-take-ownership-of-her-decision-by-stepping-down\/","title":{"rendered":"Superior Council of Prosecutors President says he would resign if the member who removed Munteanu from office does not &#8220;take ownership of her decision&#8221; by stepping down"},"content":{"rendered":"\n<p class=\"has-medium-font-size\"><strong>President of the Superior Council of Prosecutors (SCP) Dumitru Obad\u0103 says he expects SCP member Olesea V\u00eerlan, who said that &#8220;some mistakes slipped in&#8221; in the evaluation sheet of Ion Munteanu, candidate for the post of prosecutor general, to announce her resignation from the post.<\/strong><\/p>\n\n\n\n<p class=\"has-medium-font-size\">Asked on a TV8 programme whether he would &#8220;recommend V\u00eerlan to resign&#8221;, Obad\u0103 replied &#8220;of course&#8221;, saying &#8220;or he will resign&#8221;.<\/p>\n\n\n\n<blockquote class=\"wp-block-quote is-layout-flow wp-block-quote-is-layout-flow\">\n<p class=\"has-medium-font-size\">&#8220;My call is for dignity and taking the decisions taken, and the message is also for my colleague. However, I believe in assumption, responsibility and maturity (&#8230;). I cannot allow myself to continue in the manner in which this whole procedure is being conducted today&#8221;, said the President of the SCP.<\/p>\n<\/blockquote>\n\n\n\n<p class=\"has-medium-font-size\">He explained that after the interviews, which took place on 22 February, the rest of the SCP members did not know whether the score given by V\u00eerlan was properly motivated.<\/p>\n\n\n\n<blockquote class=\"wp-block-quote is-layout-flow wp-block-quote-is-layout-flow\">\n<p class=\"has-medium-font-size\">&#8220;After 11 hours of work, we did not make this analysis, neither I nor any other member saw each of them what marks they gave. Each member communicated to the media,&#8221; Obad\u0103 recounted.<\/p>\n<\/blockquote>\n\n\n\n<p class=\"has-medium-font-size\">The SCP president was also asked if he had any suspicions when he found out the low score given by V\u00eerlan to Munteanu. Obad\u0103 said that &#8220;of course it aroused his suspicions&#8221;, but said that the sheets were sealed immediately after the scores were awarded, without being analysed.<\/p>\n\n\n\n<blockquote class=\"wp-block-quote is-layout-flow wp-block-quote-is-layout-flow\">\n<p class=\"has-medium-font-size\">&#8220;I didn&#8217;t see any plausible reasons justifying the application of this score, which aroused not just puzzlement, but for me &#8211; shock. I wanted very much to have a final and fair competition. With this risk, there was the choice: either you accept this mathematical reality and go ahead, which for me as a SCP member is unacceptable &#8211; you can&#8217;t appoint a person at any cost. The price is legality, transparency and equal treatment (&#8230;) I would not assume such a reality, the mathematics must have argumentative backing,&#8221; the prosecutor added.<\/p>\n<\/blockquote>\n\n\n\n<p class=\"has-medium-font-size\">The SCP published a press release on Thursday, 29 February, with the position of member Olesea V\u00eerlan, who gave a score of 3.5\/10 to interim Prosecutor General Ion Munteanu, a candidate in the competition for the full position, which led to the cancellation of the competition.<\/p>\n\n\n\n<p class=\"has-medium-font-size\">V\u00eerlan claims that she &#8220;is not happy that certain mistakes crept into her evaluation&#8221;.<\/p>\n\n\n\n<blockquote class=\"wp-block-quote is-layout-flow wp-block-quote-is-layout-flow\">\n<p class=\"has-medium-font-size\">&#8220;In connection with what appeared in the press regarding the evaluation of candidates for the position of Prosecutor General I would like to make the following clarifications.<\/p>\n\n\n\n<p class=\"has-medium-font-size\">All possible mistakes are made in any calculation. Any evaluation has a dose of subjectivity. Any legal error can be corrected by legal means.<\/p>\n\n\n\n<p class=\"has-medium-font-size\">As a member of the High Council of the Prosecutor&#8217;s Office, I am guided by the law and impartiality. I am not happy that certain mistakes have crept into the evaluation carried out by me. This time the items of the evaluation showed a confused content.<\/p>\n\n\n\n<p class=\"has-medium-font-size\">I have no personal objections to Mr Ion Muntean&#8217;s candidacy, just as I have no personal objections to the other candidatures. If it were not for these errors, Mr Ion Muntean&#8217;s assessment would be 8.5.&nbsp;<\/p>\n\n\n\n<p class=\"has-medium-font-size\">That is what I can tell you. That is why I also voted to revoke the decision and end the competition. I plead for constitutional loyalty in the work of the SCP&#8221;, said SCP member Olesea V\u00eerlan.<\/p>\n<\/blockquote>\n","protected":false},"excerpt":{"rendered":"<p>President of the Superior Council of Prosecutors (SCP) Dumitru Obad\u0103 says he expects SCP member Olesea V\u00eerlan, who said that &#8220;some mistakes slipped in&#8221; in the evaluation sheet of Ion Munteanu, candidate for the post of prosecutor general, to announce her resignation from the post. Asked on a TV8 programme whether he would &#8220;recommend V\u00eerlan&#8230;<\/p>\n","protected":false},"author":11,"featured_media":13121,"comment_status":"open","ping_status":"open","sticky":false,"template":"","format":"standard","meta":{"_acf_changed":false,"inline_featured_image":false,"footnotes":""},"categories":[20,10,21],"tags":[],"autor":[],"class_list":["post-13120","post","type-post","status-publish","format-standard","has-post-thumbnail","hentry","category-justice","category-news","category-recomended"],"acf":[],"yoast_head":"<!-- This site is optimized with the Yoast SEO plugin v24.3 - https:\/\/yoast.com\/wordpress\/plugins\/seo\/ -->\n<title>Superior Council of Prosecutors President says he would resign if the member who removed Munteanu from office does not &quot;take ownership of her decision&quot; by stepping down - Ziarul de Gard\u0103<\/title>\n<meta name=\"robots\" content=\"index, follow, max-snippet:-1, max-image-preview:large, max-video-preview:-1\" \/>\n<link rel=\"canonical\" href=\"https:\/\/www.zdg.md\/en\/superior-council-of-prosecutors-president-says-he-would-resign-if-the-member-who-removed-munteanu-from-office-does-not-take-ownership-of-her-decision-by-stepping-down\/\" \/>\n<meta property=\"og:locale\" content=\"en_US\" \/>\n<meta property=\"og:type\" content=\"article\" \/>\n<meta property=\"og:title\" content=\"Superior Council of Prosecutors President says he would resign if the member who removed Munteanu from office does not &quot;take ownership of her decision&quot; by stepping down - Ziarul de Gard\u0103\" \/>\n<meta property=\"og:description\" content=\"President of the Superior Council of Prosecutors (SCP) Dumitru Obad\u0103 says he expects SCP member Olesea V\u00eerlan, who said that &#8220;some mistakes slipped in&#8221; in the evaluation sheet of Ion Munteanu, candidate for the post of prosecutor general, to announce her resignation from the post. Asked on a TV8 programme whether he would &#8220;recommend V\u00eerlan...\" \/>\n<meta property=\"og:url\" content=\"https:\/\/www.zdg.md\/en\/superior-council-of-prosecutors-president-says-he-would-resign-if-the-member-who-removed-munteanu-from-office-does-not-take-ownership-of-her-decision-by-stepping-down\/\" \/>\n<meta property=\"og:site_name\" content=\"Ziarul de Gard\u0103\" \/>\n<meta property=\"article:publisher\" content=\"https:\/\/www.facebook.com\/zdg.md\" \/>\n<meta property=\"article:published_time\" content=\"2024-03-02T02:12:56+00:00\" \/>\n<meta property=\"article:modified_time\" content=\"2024-03-04T04:19:08+00:00\" \/>\n<meta property=\"og:image\" content=\"https:\/\/www.zdg.md\/en\/wp-content\/uploads\/2024\/03\/image-10-740x493.png\" \/>\n\t<meta property=\"og:image:width\" content=\"740\" \/>\n\t<meta property=\"og:image:height\" content=\"493\" \/>\n\t<meta property=\"og:image:type\" content=\"image\/png\" \/>\n<meta name=\"author\" content=\"Sabin\" \/>\n<meta name=\"twitter:card\" content=\"summary_large_image\" \/>\n<meta name=\"twitter:creator\" content=\"@ZiarulDe\" \/>\n<meta name=\"twitter:site\" content=\"@ZiarulDe\" \/>\n<meta name=\"twitter:label1\" content=\"Written by\" \/>\n\t<meta name=\"twitter:data1\" content=\"Sabin\" \/>\n\t<meta name=\"twitter:label2\" content=\"Est. reading time\" \/>\n\t<meta name=\"twitter:data2\" content=\"3 minutes\" \/>\n<script type=\"application\/ld+json\" class=\"yoast-schema-graph\">{\"@context\":\"https:\/\/schema.org\",\"@graph\":[{\"@type\":\"Article\",\"@id\":\"https:\/\/www.zdg.md\/en\/superior-council-of-prosecutors-president-says-he-would-resign-if-the-member-who-removed-munteanu-from-office-does-not-take-ownership-of-her-decision-by-stepping-down\/#article\",\"isPartOf\":{\"@id\":\"https:\/\/www.zdg.md\/en\/superior-council-of-prosecutors-president-says-he-would-resign-if-the-member-who-removed-munteanu-from-office-does-not-take-ownership-of-her-decision-by-stepping-down\/\"},\"author\":{\"name\":\"Sabin\",\"@id\":\"https:\/\/www.zdg.md\/en\/#\/schema\/person\/93356b347d220c391497c193a4a237a2\"},\"headline\":\"Superior Council of Prosecutors President says he would resign if the member who removed Munteanu from office does not &#8220;take ownership of her decision&#8221; by stepping down\",\"datePublished\":\"2024-03-02T02:12:56+00:00\",\"dateModified\":\"2024-03-04T04:19:08+00:00\",\"mainEntityOfPage\":{\"@id\":\"https:\/\/www.zdg.md\/en\/superior-council-of-prosecutors-president-says-he-would-resign-if-the-member-who-removed-munteanu-from-office-does-not-take-ownership-of-her-decision-by-stepping-down\/\"},\"wordCount\":582,\"commentCount\":0,\"publisher\":{\"@id\":\"https:\/\/www.zdg.md\/en\/#organization\"},\"image\":{\"@id\":\"https:\/\/www.zdg.md\/en\/superior-council-of-prosecutors-president-says-he-would-resign-if-the-member-who-removed-munteanu-from-office-does-not-take-ownership-of-her-decision-by-stepping-down\/#primaryimage\"},\"thumbnailUrl\":\"https:\/\/www.zdg.md\/en\/wp-content\/uploads\/2024\/03\/image-10.png\",\"articleSection\":[\"Justice\",\"News\",\"Recomended\"],\"inLanguage\":\"en-US\",\"potentialAction\":[{\"@type\":\"CommentAction\",\"name\":\"Comment\",\"target\":[\"https:\/\/www.zdg.md\/en\/superior-council-of-prosecutors-president-says-he-would-resign-if-the-member-who-removed-munteanu-from-office-does-not-take-ownership-of-her-decision-by-stepping-down\/#respond\"]}]},{\"@type\":\"WebPage\",\"@id\":\"https:\/\/www.zdg.md\/en\/superior-council-of-prosecutors-president-says-he-would-resign-if-the-member-who-removed-munteanu-from-office-does-not-take-ownership-of-her-decision-by-stepping-down\/\",\"url\":\"https:\/\/www.zdg.md\/en\/superior-council-of-prosecutors-president-says-he-would-resign-if-the-member-who-removed-munteanu-from-office-does-not-take-ownership-of-her-decision-by-stepping-down\/\",\"name\":\"Superior Council of Prosecutors President says he would resign if the member who removed Munteanu from office does not \\\"take ownership of her decision\\\" by stepping down - Ziarul de Gard\u0103\",\"isPartOf\":{\"@id\":\"https:\/\/www.zdg.md\/en\/#website\"},\"primaryImageOfPage\":{\"@id\":\"https:\/\/www.zdg.md\/en\/superior-council-of-prosecutors-president-says-he-would-resign-if-the-member-who-removed-munteanu-from-office-does-not-take-ownership-of-her-decision-by-stepping-down\/#primaryimage\"},\"image\":{\"@id\":\"https:\/\/www.zdg.md\/en\/superior-council-of-prosecutors-president-says-he-would-resign-if-the-member-who-removed-munteanu-from-office-does-not-take-ownership-of-her-decision-by-stepping-down\/#primaryimage\"},\"thumbnailUrl\":\"https:\/\/www.zdg.md\/en\/wp-content\/uploads\/2024\/03\/image-10.png\",\"datePublished\":\"2024-03-02T02:12:56+00:00\",\"dateModified\":\"2024-03-04T04:19:08+00:00\",\"breadcrumb\":{\"@id\":\"https:\/\/www.zdg.md\/en\/superior-council-of-prosecutors-president-says-he-would-resign-if-the-member-who-removed-munteanu-from-office-does-not-take-ownership-of-her-decision-by-stepping-down\/#breadcrumb\"},\"inLanguage\":\"en-US\",\"potentialAction\":[{\"@type\":\"ReadAction\",\"target\":[\"https:\/\/www.zdg.md\/en\/superior-council-of-prosecutors-president-says-he-would-resign-if-the-member-who-removed-munteanu-from-office-does-not-take-ownership-of-her-decision-by-stepping-down\/\"]}]},{\"@type\":\"ImageObject\",\"inLanguage\":\"en-US\",\"@id\":\"https:\/\/www.zdg.md\/en\/superior-council-of-prosecutors-president-says-he-would-resign-if-the-member-who-removed-munteanu-from-office-does-not-take-ownership-of-her-decision-by-stepping-down\/#primaryimage\",\"url\":\"https:\/\/www.zdg.md\/en\/wp-content\/uploads\/2024\/03\/image-10.png\",\"contentUrl\":\"https:\/\/www.zdg.md\/en\/wp-content\/uploads\/2024\/03\/image-10.png\",\"width\":2048,\"height\":1365,\"caption\":\"Source: Superior Council of Prosecutors\/Facebook\"},{\"@type\":\"BreadcrumbList\",\"@id\":\"https:\/\/www.zdg.md\/en\/superior-council-of-prosecutors-president-says-he-would-resign-if-the-member-who-removed-munteanu-from-office-does-not-take-ownership-of-her-decision-by-stepping-down\/#breadcrumb\",\"itemListElement\":[{\"@type\":\"ListItem\",\"position\":1,\"name\":\"Home\",\"item\":\"https:\/\/www.zdg.md\/en\/\"},{\"@type\":\"ListItem\",\"position\":2,\"name\":\"Superior Council of Prosecutors President says he would resign if the member who removed Munteanu from office does not &#8220;take ownership of her decision&#8221; by stepping down\"}]},{\"@type\":\"WebSite\",\"@id\":\"https:\/\/www.zdg.md\/en\/#website\",\"url\":\"https:\/\/www.zdg.md\/en\/\",\"name\":\"Ziarul de Gard\u0103\",\"description\":\"The only investigative newspaper in the Republic of Moldova\",\"publisher\":{\"@id\":\"https:\/\/www.zdg.md\/en\/#organization\"},\"potentialAction\":[{\"@type\":\"SearchAction\",\"target\":{\"@type\":\"EntryPoint\",\"urlTemplate\":\"https:\/\/www.zdg.md\/en\/?s={search_term_string}\"},\"query-input\":{\"@type\":\"PropertyValueSpecification\",\"valueRequired\":true,\"valueName\":\"search_term_string\"}}],\"inLanguage\":\"en-US\"},{\"@type\":\"Organization\",\"@id\":\"https:\/\/www.zdg.md\/en\/#organization\",\"name\":\"Ziarul de Gard\u0103\",\"url\":\"https:\/\/www.zdg.md\/en\/\",\"logo\":{\"@type\":\"ImageObject\",\"inLanguage\":\"en-US\",\"@id\":\"https:\/\/www.zdg.md\/en\/#\/schema\/logo\/image\/\",\"url\":\"https:\/\/www.zdg.md\/en\/wp-content\/uploads\/2025\/01\/logo-footer-1.svg\",\"contentUrl\":\"https:\/\/www.zdg.md\/en\/wp-content\/uploads\/2025\/01\/logo-footer-1.svg\",\"width\":124,\"height\":71,\"caption\":\"Ziarul de Gard\u0103\"},\"image\":{\"@id\":\"https:\/\/www.zdg.md\/en\/#\/schema\/logo\/image\/\"},\"sameAs\":[\"https:\/\/www.facebook.com\/zdg.md\",\"https:\/\/x.com\/ZiarulDe\"]},{\"@type\":\"Person\",\"@id\":\"https:\/\/www.zdg.md\/en\/#\/schema\/person\/93356b347d220c391497c193a4a237a2\",\"name\":\"Sabin\",\"image\":{\"@type\":\"ImageObject\",\"inLanguage\":\"en-US\",\"@id\":\"https:\/\/www.zdg.md\/en\/#\/schema\/person\/image\/\",\"url\":\"https:\/\/secure.gravatar.com\/avatar\/005528046cb9bf29ccc3247ac475e0b2?s=96&d=mm&r=g\",\"contentUrl\":\"https:\/\/secure.gravatar.com\/avatar\/005528046cb9bf29ccc3247ac475e0b2?s=96&d=mm&r=g\",\"caption\":\"Sabin\"},\"url\":\"https:\/\/www.zdg.md\/en\/author\/sabin\/\"}]}<\/script>\n<!-- \/ Yoast SEO plugin. -->","yoast_head_json":{"title":"Superior Council of Prosecutors President says he would resign if the member who removed Munteanu from office does not \"take ownership of her decision\" by stepping down - Ziarul de Gard\u0103","robots":{"index":"index","follow":"follow","max-snippet":"max-snippet:-1","max-image-preview":"max-image-preview:large","max-video-preview":"max-video-preview:-1"},"canonical":"https:\/\/www.zdg.md\/en\/superior-council-of-prosecutors-president-says-he-would-resign-if-the-member-who-removed-munteanu-from-office-does-not-take-ownership-of-her-decision-by-stepping-down\/","og_locale":"en_US","og_type":"article","og_title":"Superior Council of Prosecutors President says he would resign if the member who removed Munteanu from office does not \"take ownership of her decision\" by stepping down - Ziarul de Gard\u0103","og_description":"President of the Superior Council of Prosecutors (SCP) Dumitru Obad\u0103 says he expects SCP member Olesea V\u00eerlan, who said that &#8220;some mistakes slipped in&#8221; in the evaluation sheet of Ion Munteanu, candidate for the post of prosecutor general, to announce her resignation from the post. Asked on a TV8 programme whether he would &#8220;recommend V\u00eerlan...","og_url":"https:\/\/www.zdg.md\/en\/superior-council-of-prosecutors-president-says-he-would-resign-if-the-member-who-removed-munteanu-from-office-does-not-take-ownership-of-her-decision-by-stepping-down\/","og_site_name":"Ziarul de Gard\u0103","article_publisher":"https:\/\/www.facebook.com\/zdg.md","article_published_time":"2024-03-02T02:12:56+00:00","article_modified_time":"2024-03-04T04:19:08+00:00","og_image":[{"width":740,"height":493,"url":"https:\/\/www.zdg.md\/en\/wp-content\/uploads\/2024\/03\/image-10-740x493.png","type":"image\/png"}],"author":"Sabin","twitter_card":"summary_large_image","twitter_creator":"@ZiarulDe","twitter_site":"@ZiarulDe","twitter_misc":{"Written by":"Sabin","Est. reading time":"3 minutes"},"schema":{"@context":"https:\/\/schema.org","@graph":[{"@type":"Article","@id":"https:\/\/www.zdg.md\/en\/superior-council-of-prosecutors-president-says-he-would-resign-if-the-member-who-removed-munteanu-from-office-does-not-take-ownership-of-her-decision-by-stepping-down\/#article","isPartOf":{"@id":"https:\/\/www.zdg.md\/en\/superior-council-of-prosecutors-president-says-he-would-resign-if-the-member-who-removed-munteanu-from-office-does-not-take-ownership-of-her-decision-by-stepping-down\/"},"author":{"name":"Sabin","@id":"https:\/\/www.zdg.md\/en\/#\/schema\/person\/93356b347d220c391497c193a4a237a2"},"headline":"Superior Council of Prosecutors President says he would resign if the member who removed Munteanu from office does not &#8220;take ownership of her decision&#8221; by stepping down","datePublished":"2024-03-02T02:12:56+00:00","dateModified":"2024-03-04T04:19:08+00:00","mainEntityOfPage":{"@id":"https:\/\/www.zdg.md\/en\/superior-council-of-prosecutors-president-says-he-would-resign-if-the-member-who-removed-munteanu-from-office-does-not-take-ownership-of-her-decision-by-stepping-down\/"},"wordCount":582,"commentCount":0,"publisher":{"@id":"https:\/\/www.zdg.md\/en\/#organization"},"image":{"@id":"https:\/\/www.zdg.md\/en\/superior-council-of-prosecutors-president-says-he-would-resign-if-the-member-who-removed-munteanu-from-office-does-not-take-ownership-of-her-decision-by-stepping-down\/#primaryimage"},"thumbnailUrl":"https:\/\/www.zdg.md\/en\/wp-content\/uploads\/2024\/03\/image-10.png","articleSection":["Justice","News","Recomended"],"inLanguage":"en-US","potentialAction":[{"@type":"CommentAction","name":"Comment","target":["https:\/\/www.zdg.md\/en\/superior-council-of-prosecutors-president-says-he-would-resign-if-the-member-who-removed-munteanu-from-office-does-not-take-ownership-of-her-decision-by-stepping-down\/#respond"]}]},{"@type":"WebPage","@id":"https:\/\/www.zdg.md\/en\/superior-council-of-prosecutors-president-says-he-would-resign-if-the-member-who-removed-munteanu-from-office-does-not-take-ownership-of-her-decision-by-stepping-down\/","url":"https:\/\/www.zdg.md\/en\/superior-council-of-prosecutors-president-says-he-would-resign-if-the-member-who-removed-munteanu-from-office-does-not-take-ownership-of-her-decision-by-stepping-down\/","name":"Superior Council of Prosecutors President says he would resign if the member who removed Munteanu from office does not \"take ownership of her decision\" by stepping down - Ziarul de Gard\u0103","isPartOf":{"@id":"https:\/\/www.zdg.md\/en\/#website"},"primaryImageOfPage":{"@id":"https:\/\/www.zdg.md\/en\/superior-council-of-prosecutors-president-says-he-would-resign-if-the-member-who-removed-munteanu-from-office-does-not-take-ownership-of-her-decision-by-stepping-down\/#primaryimage"},"image":{"@id":"https:\/\/www.zdg.md\/en\/superior-council-of-prosecutors-president-says-he-would-resign-if-the-member-who-removed-munteanu-from-office-does-not-take-ownership-of-her-decision-by-stepping-down\/#primaryimage"},"thumbnailUrl":"https:\/\/www.zdg.md\/en\/wp-content\/uploads\/2024\/03\/image-10.png","datePublished":"2024-03-02T02:12:56+00:00","dateModified":"2024-03-04T04:19:08+00:00","breadcrumb":{"@id":"https:\/\/www.zdg.md\/en\/superior-council-of-prosecutors-president-says-he-would-resign-if-the-member-who-removed-munteanu-from-office-does-not-take-ownership-of-her-decision-by-stepping-down\/#breadcrumb"},"inLanguage":"en-US","potentialAction":[{"@type":"ReadAction","target":["https:\/\/www.zdg.md\/en\/superior-council-of-prosecutors-president-says-he-would-resign-if-the-member-who-removed-munteanu-from-office-does-not-take-ownership-of-her-decision-by-stepping-down\/"]}]},{"@type":"ImageObject","inLanguage":"en-US","@id":"https:\/\/www.zdg.md\/en\/superior-council-of-prosecutors-president-says-he-would-resign-if-the-member-who-removed-munteanu-from-office-does-not-take-ownership-of-her-decision-by-stepping-down\/#primaryimage","url":"https:\/\/www.zdg.md\/en\/wp-content\/uploads\/2024\/03\/image-10.png","contentUrl":"https:\/\/www.zdg.md\/en\/wp-content\/uploads\/2024\/03\/image-10.png","width":2048,"height":1365,"caption":"Source: Superior Council of Prosecutors\/Facebook"},{"@type":"BreadcrumbList","@id":"https:\/\/www.zdg.md\/en\/superior-council-of-prosecutors-president-says-he-would-resign-if-the-member-who-removed-munteanu-from-office-does-not-take-ownership-of-her-decision-by-stepping-down\/#breadcrumb","itemListElement":[{"@type":"ListItem","position":1,"name":"Home","item":"https:\/\/www.zdg.md\/en\/"},{"@type":"ListItem","position":2,"name":"Superior Council of Prosecutors President says he would resign if the member who removed Munteanu from office does not &#8220;take ownership of her decision&#8221; by stepping down"}]},{"@type":"WebSite","@id":"https:\/\/www.zdg.md\/en\/#website","url":"https:\/\/www.zdg.md\/en\/","name":"Ziarul de Gard\u0103","description":"The only investigative newspaper in the Republic of Moldova","publisher":{"@id":"https:\/\/www.zdg.md\/en\/#organization"},"potentialAction":[{"@type":"SearchAction","target":{"@type":"EntryPoint","urlTemplate":"https:\/\/www.zdg.md\/en\/?s={search_term_string}"},"query-input":{"@type":"PropertyValueSpecification","valueRequired":true,"valueName":"search_term_string"}}],"inLanguage":"en-US"},{"@type":"Organization","@id":"https:\/\/www.zdg.md\/en\/#organization","name":"Ziarul de Gard\u0103","url":"https:\/\/www.zdg.md\/en\/","logo":{"@type":"ImageObject","inLanguage":"en-US","@id":"https:\/\/www.zdg.md\/en\/#\/schema\/logo\/image\/","url":"https:\/\/www.zdg.md\/en\/wp-content\/uploads\/2025\/01\/logo-footer-1.svg","contentUrl":"https:\/\/www.zdg.md\/en\/wp-content\/uploads\/2025\/01\/logo-footer-1.svg","width":124,"height":71,"caption":"Ziarul de Gard\u0103"},"image":{"@id":"https:\/\/www.zdg.md\/en\/#\/schema\/logo\/image\/"},"sameAs":["https:\/\/www.facebook.com\/zdg.md","https:\/\/x.com\/ZiarulDe"]},{"@type":"Person","@id":"https:\/\/www.zdg.md\/en\/#\/schema\/person\/93356b347d220c391497c193a4a237a2","name":"Sabin","image":{"@type":"ImageObject","inLanguage":"en-US","@id":"https:\/\/www.zdg.md\/en\/#\/schema\/person\/image\/","url":"https:\/\/secure.gravatar.com\/avatar\/005528046cb9bf29ccc3247ac475e0b2?s=96&d=mm&r=g","contentUrl":"https:\/\/secure.gravatar.com\/avatar\/005528046cb9bf29ccc3247ac475e0b2?s=96&d=mm&r=g","caption":"Sabin"},"url":"https:\/\/www.zdg.md\/en\/author\/sabin\/"}]}},"_links":{"self":[{"href":"https:\/\/www.zdg.md\/en\/wp-json\/wp\/v2\/posts\/13120","targetHints":{"allow":["GET"]}}],"collection":[{"href":"https:\/\/www.zdg.md\/en\/wp-json\/wp\/v2\/posts"}],"about":[{"href":"https:\/\/www.zdg.md\/en\/wp-json\/wp\/v2\/types\/post"}],"author":[{"embeddable":true,"href":"https:\/\/www.zdg.md\/en\/wp-json\/wp\/v2\/users\/11"}],"replies":[{"embeddable":true,"href":"https:\/\/www.zdg.md\/en\/wp-json\/wp\/v2\/comments?post=13120"}],"version-history":[{"count":0,"href":"https:\/\/www.zdg.md\/en\/wp-json\/wp\/v2\/posts\/13120\/revisions"}],"wp:featuredmedia":[{"embeddable":true,"href":"https:\/\/www.zdg.md\/en\/wp-json\/wp\/v2\/media\/13121"}],"wp:attachment":[{"href":"https:\/\/www.zdg.md\/en\/wp-json\/wp\/v2\/media?parent=13120"}],"wp:term":[{"taxonomy":"category","embeddable":true,"href":"https:\/\/www.zdg.md\/en\/wp-json\/wp\/v2\/categories?post=13120"},{"taxonomy":"post_tag","embeddable":true,"href":"https:\/\/www.zdg.md\/en\/wp-json\/wp\/v2\/tags?post=13120"},{"taxonomy":"autor","embeddable":true,"href":"https:\/\/www.zdg.md\/en\/wp-json\/wp\/v2\/autor?post=13120"}],"curies":[{"name":"wp","href":"https:\/\/api.w.org\/{rel}","templated":true}]}}